{"id":9981,"date":"2018-03-28T00:00:00","date_gmt":"2018-03-28T06:00:00","guid":{"rendered":"https:\/\/dralvarez.com.mx\/larevista\/blog\/el-lunar-del-cuaderno"},"modified":"2024-02-22T21:26:20","modified_gmt":"2024-02-23T03:26:20","slug":"el-lunar-del-cuaderno","status":"publish","type":"post","link":"https:\/\/dralvarez.com.mx\/larevista\/opiniones\/el-lunar-del-cuaderno","title":{"rendered":"El lunar del cuaderno&#8230;"},"content":{"rendered":"<\/p>\n<div>El lunar se cay\u00f3 de un cuaderno de lunares que era muy flamenco. Era un lunar de color plata, como la plata de la luna lorquiana, y como el plateado de los vestidos de luces de los toreros de plata.. <\/div>\n<div><\/div>\n<div>Al caerse record\u00f3 un magn\u00edfico libro infantil que hab\u00eda le\u00eddo hac\u00eda un tiempo, escrito por una autora sueca muy buena. En aquel relato alguien se ca\u00eda de una camiseta y se dedicaba a realizar un interesante viaje..<\/div>\n<div><\/div>\n<div>El lunar no. Se cay\u00f3 y decidi\u00f3 que reposar\u00eda y que disfrutar\u00eda del tiempo, del silencio, de los sonidos, los aromas, los momentos. A veces parar es necesario e incluso sabroso. A veces es \u00fatil descansar para seguir en el camino..<\/div>\n<div><\/div>\n<div>El lunar era flamenco. Flamenco de coraz\u00f3n y alma, y con todas las letras, con las ocho letras de la palabra flamenco. Se dedicar\u00eda a rezar y a sentir mientras pasaban procesiones debajo de su ventana. A palpar el olor a cera&#8230;<\/div>\n<div><\/div>\n<div>Seguramente el lunes alguien arreglar\u00eda \u201caquel asunto\u201d y el lunar retornar\u00eda a su lugar en el cuaderno. Mientras, con su geograf\u00eda flamenca y su esp\u00edritu inquieto, leer\u00eda libros, escuchar\u00eda guitarreo bueno, ir\u00eda a la Maestranza&#8230;<\/div>\n<div><\/div>\n<div>Dedicado a Cristina Oleby, gran cuento!<\/div>\n<div>Dedicado a los toreros de plata<\/div>\n<div>Dedicado a los toreros<\/div>\n<div>Dedicado a Lorena<\/div>\n<div>Dedicado a mi familia<\/div>\n<div>Dedicado a cada ser disfrutando la Semana Santa<\/div>\n<div>A Luis<\/div>\n<div>A Sevilla, y mis sevillanos<\/div><\/p>\n","protected":false},"excerpt":{"rendered":"<p>Dedicado a cada ser disfrutando la Semana Santa&#8230;<\/p>\n","protected":false},"author":1025,"featured_media":9982,"comment_status":"open","ping_status":"open","sticky":false,"template":"","format":"standard","meta":{"tdm_status":"","tdm_grid_status":"","footnotes":""},"categories":[25],"tags":[],"_links":{"self":[{"href":"https:\/\/dralvarez.com.mx\/larevista\/wp-json\/wp\/v2\/posts\/9981"}],"collection":[{"href":"https:\/\/dralvarez.com.mx\/larevista\/wp-json\/wp\/v2\/posts"}],"about":[{"href":"https:\/\/dralvarez.com.mx\/larevista\/wp-json\/wp\/v2\/types\/post"}],"author":[{"embeddable":true,"href":"https:\/\/dralvarez.com.mx\/larevista\/wp-json\/wp\/v2\/users\/1025"}],"replies":[{"embeddable":true,"href":"https:\/\/dralvarez.com.mx\/larevista\/wp-json\/wp\/v2\/comments?post=9981"}],"version-history":[{"count":1,"href":"https:\/\/dralvarez.com.mx\/larevista\/wp-json\/wp\/v2\/posts\/9981\/revisions"}],"predecessor-version":[{"id":28475,"href":"https:\/\/dralvarez.com.mx\/larevista\/wp-json\/wp\/v2\/posts\/9981\/revisions\/28475"}],"wp:featuredmedia":[{"embeddable":true,"href":"https:\/\/dralvarez.com.mx\/larevista\/wp-json\/wp\/v2\/media\/9982"}],"wp:attachment":[{"href":"https:\/\/dralvarez.com.mx\/larevista\/wp-json\/wp\/v2\/media?parent=9981"}],"wp:term":[{"taxonomy":"category","embeddable":true,"href":"https:\/\/dralvarez.com.mx\/larevista\/wp-json\/wp\/v2\/categories?post=9981"},{"taxonomy":"post_tag","embeddable":true,"href":"https:\/\/dralvarez.com.mx\/larevista\/wp-json\/wp\/v2\/tags?post=9981"}],"curies":[{"name":"wp","href":"https:\/\/api.w.org\/{rel}","templated":true}]}}