{"id":9979,"date":"2018-03-27T00:00:00","date_gmt":"2018-03-27T06:00:00","guid":{"rendered":"https:\/\/dralvarez.com.mx\/larevista\/blog\/campana-violenta"},"modified":"2024-02-22T21:26:18","modified_gmt":"2024-02-23T03:26:18","slug":"campana-violenta","status":"publish","type":"post","link":"https:\/\/dralvarez.com.mx\/larevista\/opiniones\/campana-violenta","title":{"rendered":"\u00bfCampa\u00f1a violenta?"},"content":{"rendered":"<p><b><i>Sic sac<\/i>, por: M.A. Elda Clemente Reyes.<\/b><\/p>\n<\/p>\n<p>El periodo de las intercampa\u00f1as est\u00e1<br \/>\na punto de concluir y el \u00e1nimo en los electores comienza a disipar las dudas<br \/>\nque al principio exist\u00edan sobre los candidatos que no han perdido el tiempo<br \/>\npara saludar y reunirse en privado con simpatizantes que les han demostrado de<br \/>\nqu\u00e9 lado est\u00e1n sus preferencias y sus lealtades. <\/p>\n<p>Tal y como lo se\u00f1ala la Ley Federal<br \/>\nElectoral, ser\u00e1 el pr\u00f3ximo 29 de marzo, cuando concluyan oficialmente las<br \/>\nintercampa\u00f1as para dar paso a las campa\u00f1as a cargos de elecci\u00f3n federal<br \/>\nmientras la local arranca hasta el 29 de abril, en las que veremos de todo y a<br \/>\ntodos los candidatos recorrer los barrios, colonias y municipios llevando<br \/>\npropaganda, propuestas y estableciendo compromisos con los votantes.<\/p>\n<p>Sin embargo, la sombra de la<br \/>\n\u201cocurrencia\u201d empieza a aparecer entre los \u201cestrategas\u201d de alg\u00fan aspirante que<br \/>\nya empez\u00f3 a lucir sus bardas con un slogan poco com\u00fan y alusivo a la violencia,<br \/>\ncontrario a lo que otros candidatos promueven, en un acto de provocaci\u00f3n al<br \/>\ncual, no podemos prestarnos los campechanos ni ser comparsa de semejante locura<br \/>\nque lo \u00fanico que demuestra es falta de inteligencia y cordura hacia los<br \/>\nciudadanos que todos los d\u00edas reclamamos por un proceso electoral sin<br \/>\nsobresaltos donde j\u00f3venes y adultos podamos participar libremente sin temor a<br \/>\nser agredidos en pleno goce de nuestros derechos. <\/p>\n<p><b>Apolog\u00eda<br \/>\ny maltrato animal<\/b><\/p>\n<p>De qu\u00e9 otra forma se le puede llamar<br \/>\na las bardas pintadas por distintos puntos de la ciudad donde un animalito<br \/>\n(gallo) que sin deberla ni temerla es pisoteado o degollado en un af\u00e1n<br \/>\nmedi\u00e1tico que lo \u00fanico que refleja es desesperaci\u00f3n al enviar un mensaje<br \/>\nsubliminal que incita al maltrato animal tipificado en 2015 como un delito,<br \/>\ndurante la pasada LXI Legislatura, mediante reformas al C\u00f3digo Penal para que<br \/>\ntoda persona que maltrate a un animal sea castigada con penas de tres meses<br \/>\nhasta dos a\u00f1os de prisi\u00f3n y multas desde 50 hasta mil d\u00edas de salario m\u00ednimo.<\/p>\n<p>&nbsp;<\/p>\n<p>Otro ejemplo m\u00e1s claro, lo tenemos en<br \/>\nel C\u00f3digo Penal Federal Art\u00edculo 209 Cap\u00edtulo IV relativo a la provocaci\u00f3n de<br \/>\nun delito \u201cAl que provoque p\u00fablicamente a cometer un delito, o haga la apolog\u00eda<br \/>\nde \u00e9ste o de alg\u00fan vicio, se le aplicar\u00e1n prisi\u00f3n de tres d\u00edas a seis meses y<br \/>\nmulta de cinco a cincuenta pesos, si el delito no se ejecutare. En caso<br \/>\ncontrario, se aplicar\u00e1 al provocador la sanci\u00f3n que corresponda por su participaci\u00f3n<br \/>\nen el delito concluido\u201d.<\/p>\n<p>\u201cLa apolog\u00eda del delito consiste en<br \/>\nuna alabanza p\u00fablica de un hecho delictuoso declarado como tal (en un caso<br \/>\nconcreto y con sentencia) y tiene como finalidad de que sea cometido o adoptado<br \/>\npor la comunidad; con lo que se est\u00e1 provocando o instigando, de manera<br \/>\nindirecta, a la comisi\u00f3n de una conducta delictiva\u201d.<\/p>\n<p>Es cierto que, en la guerra, la<br \/>\npol\u00edtica y en el amor todo se vale, pero lo que no se vale es utilizar este<br \/>\ntipo de campa\u00f1as negras para tratar de impactar al electorado que lo \u00fanico que<br \/>\nestamos percibiendo es una clara se\u00f1al de violencia, intolerancia y una p\u00e9sima<br \/>\nestrategia.<\/p>\n<p><b>Campeche<br \/>\nsin impunidad: HR Rating<\/b><\/p>\n<p>Campeche logr\u00f3 ubicarse a nivel<br \/>\nnacional en los primeros lugares con el grado m\u00e1s bajo de impunidad, revel\u00f3 el<br \/>\n\u00cdndice Global de Impunidad M\u00e9xico 2018 a trav\u00e9s del reporte denominado \u201cLa<br \/>\nImpunidad Subnacional en M\u00e9xico y sus dimensiones IGI-MEX 2018\u201d, el cual<br \/>\nestablece que la baja tasa de incidencia delictiva y la suficiencia de recursos<br \/>\nhumanos, dan como resultado por segundo a\u00f1o consecutivo que Campeche tenga uno<br \/>\nde los m\u00e1s bajos \u00edndices. <\/p>\n<p>Este dato es un referente de la<br \/>\nefectiva labor que realiza la administraci\u00f3n estatal que encabeza el Gobernador<br \/>\nAlejandro Moreno C\u00e1rdenas. Sin duda, este logro se suma a la lista de aciertos<br \/>\nque siguen poniendo en alto el nombre de Campeche.<\/p>\n<p>Mail. <a target=\"_blank\" rel=\"nofollow noopener\">Elda_clemente@hotmail.com<\/a><\/p>\n<p>Facebook. Eldaclementereyes<\/p><\/p>\n","protected":false},"excerpt":{"rendered":"<p>Sic sac<\/p>\n","protected":false},"author":1081,"featured_media":0,"comment_status":"open","ping_status":"open","sticky":false,"template":"","format":"standard","meta":{"tdm_status":"","tdm_grid_status":"","footnotes":""},"categories":[25],"tags":[],"_links":{"self":[{"href":"https:\/\/dralvarez.com.mx\/larevista\/wp-json\/wp\/v2\/posts\/9979"}],"collection":[{"href":"https:\/\/dralvarez.com.mx\/larevista\/wp-json\/wp\/v2\/posts"}],"about":[{"href":"https:\/\/dralvarez.com.mx\/larevista\/wp-json\/wp\/v2\/types\/post"}],"author":[{"embeddable":true,"href":"https:\/\/dralvarez.com.mx\/larevista\/wp-json\/wp\/v2\/users\/1081"}],"replies":[{"embeddable":true,"href":"https:\/\/dralvarez.com.mx\/larevista\/wp-json\/wp\/v2\/comments?post=9979"}],"version-history":[{"count":1,"href":"https:\/\/dralvarez.com.mx\/larevista\/wp-json\/wp\/v2\/posts\/9979\/revisions"}],"predecessor-version":[{"id":28474,"href":"https:\/\/dralvarez.com.mx\/larevista\/wp-json\/wp\/v2\/posts\/9979\/revisions\/28474"}],"wp:attachment":[{"href":"https:\/\/dralvarez.com.mx\/larevista\/wp-json\/wp\/v2\/media?parent=9979"}],"wp:term":[{"taxonomy":"category","embeddable":true,"href":"https:\/\/dralvarez.com.mx\/larevista\/wp-json\/wp\/v2\/categories?post=9979"},{"taxonomy":"post_tag","embeddable":true,"href":"https:\/\/dralvarez.com.mx\/larevista\/wp-json\/wp\/v2\/tags?post=9979"}],"curies":[{"name":"wp","href":"https:\/\/api.w.org\/{rel}","templated":true}]}}