{"id":97462,"date":"2021-04-13T00:00:00","date_gmt":"2021-04-13T06:00:00","guid":{"rendered":"https:\/\/dralvarez.com.mx\/larevista\/blog\/proximo-lunes-realizaran-consejos-tecnicos-escolares-59925"},"modified":"2021-04-13T00:00:00","modified_gmt":"2021-04-13T06:00:00","slug":"proximo-lunes-realizaran-consejos-tecnicos-escolares-59925","status":"publish","type":"post","link":"https:\/\/dralvarez.com.mx\/larevista\/compeche\/proximo-lunes-realizaran-consejos-tecnicos-escolares-59925","title":{"rendered":"Pr\u00f3ximo lunes realizar\u00e1n  consejos t\u00e9cnicos escolares"},"content":{"rendered":"<p>El pr\u00f3ximo lunes 12 de abril realizar\u00e1n los Consejos T\u00e9cnicos Escolares de Educaci\u00f3n B\u00e1sica y el martes regresan a clases a distancia todos los alumnos, tras la conclusi\u00f3n del periodo vacacional de Semana Santa. <\/p>\n<p>El martes 13 inicia la entrega del material de limpieza y protecci\u00f3n para los alumnos y maestros de las 137 escuelas contempladas en el Plan para la Reactivaci\u00f3n Escalonada Mixta de los Servicios Educativos de Nivel B\u00e1sico y se estar\u00e1n conformando los Comit\u00e9s Participativos de Salud Escolar. <\/p>\n<p>Hasta ahora no se ha establecido una fecha para el inicio de las clases presenciales en estas comunidades, pues las autoridades sanitarias recomendaron esperar 15 d\u00edas despu\u00e9s de terminado el periodo vacacional de Semana Santa para conocer el comportamiento de la pandemia debido a la movilidad de paseantes durante estas fechas.<\/p>\n<p>Los requisitos para autorizar la reanudaci\u00f3n de actividades educativas presenciales escalonadas en estos planteles son: que el sem\u00e1foro epidemiol\u00f3gico siga en verde; que todo el personal docente, directivo, de supervisi\u00f3n y administrativo del plantel haya completado el esquema de vacunaci\u00f3n contra el COVID-19; que est\u00e9n vacunadas contra esta enfermedad todas las personas de 60 a\u00f1os y m\u00e1s residentes en la localidad donde su ubica el plantel.<\/p>\n<p>Estas escuelas deber\u00e1n contar con su respectivo Comit\u00e9 Participativo de Salud Escolar, conformados por el director del plantel, docentes y padres de familia, que ser\u00e1n corresponsables en la aplicaci\u00f3n y observancia de los protocolos de seguridad sanitaria, como filtro sanitario de entrada, aplicaci\u00f3n de medidas de sana distancia, uso obligatorio del cubrebocas y supervisar que los alumnos sean atendidos de forma individual o en grupos reducidos.<\/p>\n<p>A la fecha se han capacitado para el regreso a clases mil 400 comit\u00e9s participativos de Salud Escolar, con estrategias espec\u00edficas para la aplicaci\u00f3n y observancia de los protocolos de seguridad sanitaria.<\/p>\n<p><\/p>\n","protected":false},"excerpt":{"rendered":"<p>El pr\u00f3ximo lunes 12 de abril realizar\u00e1n los Consejos T\u00e9cnicos Escolares de Educaci\u00f3n B\u00e1sica y el martes regresan a clases a distancia todos los alumno<\/p>\n","protected":false},"author":1018,"featured_media":0,"comment_status":"open","ping_status":"open","sticky":false,"template":"","format":"standard","meta":{"tdm_status":"","tdm_grid_status":"","footnotes":""},"categories":[27],"tags":[],"_links":{"self":[{"href":"https:\/\/dralvarez.com.mx\/larevista\/wp-json\/wp\/v2\/posts\/97462"}],"collection":[{"href":"https:\/\/dralvarez.com.mx\/larevista\/wp-json\/wp\/v2\/posts"}],"about":[{"href":"https:\/\/dralvarez.com.mx\/larevista\/wp-json\/wp\/v2\/types\/post"}],"author":[{"embeddable":true,"href":"https:\/\/dralvarez.com.mx\/larevista\/wp-json\/wp\/v2\/users\/1018"}],"replies":[{"embeddable":true,"href":"https:\/\/dralvarez.com.mx\/larevista\/wp-json\/wp\/v2\/comments?post=97462"}],"version-history":[{"count":0,"href":"https:\/\/dralvarez.com.mx\/larevista\/wp-json\/wp\/v2\/posts\/97462\/revisions"}],"wp:attachment":[{"href":"https:\/\/dralvarez.com.mx\/larevista\/wp-json\/wp\/v2\/media?parent=97462"}],"wp:term":[{"taxonomy":"category","embeddable":true,"href":"https:\/\/dralvarez.com.mx\/larevista\/wp-json\/wp\/v2\/categories?post=97462"},{"taxonomy":"post_tag","embeddable":true,"href":"https:\/\/dralvarez.com.mx\/larevista\/wp-json\/wp\/v2\/tags?post=97462"}],"curies":[{"name":"wp","href":"https:\/\/api.w.org\/{rel}","templated":true}]}}