{"id":97378,"date":"2021-04-11T00:00:00","date_gmt":"2021-04-11T06:00:00","guid":{"rendered":"https:\/\/dralvarez.com.mx\/larevista\/blog\/karem-achach-establece-lazos-de-comunicacion-con-las-mujeres-empresarias-59835"},"modified":"2021-04-11T00:00:00","modified_gmt":"2021-04-11T06:00:00","slug":"karem-achach-establece-lazos-de-comunicacion-con-las-mujeres-empresarias-59835","status":"publish","type":"post","link":"https:\/\/dralvarez.com.mx\/larevista\/yucatan\/karem-achach-establece-lazos-de-comunicacion-con-las-mujeres-empresarias-59835","title":{"rendered":"Karem Achach establece lazos de comunicaci\u00f3n con las mujeres empresarias"},"content":{"rendered":"<\/p>\n<p>A fin de escuchar y establecer l\u00edneas de trabajo legislativas en materia empresarial, la candidata a Diputada por el III Distrito Local del Partido Acci\u00f3n Nacional, Karem Achach Ram\u00edrez se reuni\u00f3 con un grupo de mujeres empresarias.<\/p>\n<p>Estoy interesada en escucharlas, se\u00f1al\u00f3 la candidata, \u201cquiero que mediante este tipo de reuniones puedan surgir ideas, que posteriormente se conviertan en propuestas legislativas\u201d.<\/p>\n<p>En dicha reuni\u00f3n las empresarias destacaron la necesidad de una mayor vinculaci\u00f3n entre el gobierno y las empresas, para establecer esquemas de trabajo conjunto que permita asesor\u00eda t\u00e9cnica a los empresarios.<\/p>\n<p>Las empresarias destacaron que es importante que el sector empresarial se adecue a los nuevos tiempos en donde el uso de las redes sociales y las plataformas digitales son una herramienta b\u00e1sica para el posicionamiento de las empresas.<\/p>\n<p>Se\u00f1alaron que si bien, han hecho esfuerzos en invertir en las nuevas tecnolog\u00edas de la informaci\u00f3n, tienen el problema de que no cuentan con el personal adecuado para poder manejarlas.<\/p>\n<p>Por ello, agregaron, es necesario que exista un mayor acercamiento entre las empresas y las universidades para las que los profesionistas que egresen de esas escuelas, lo hagan con el perfil adecuado y con una visi\u00f3n clara de la necesidad empresarial.<\/p>\n<p>Igualmente, otra de las propuestas por parte de las empresarias, es que el gobierno pueda contar con una plataforma para el sector empresarial que les permita tener un mayor posicionamiento de sus productos.<\/p>\n<p>En la reuni\u00f3n estuvieron presentes Rita Elena Mart\u00ednez Sauri, Amexme Capitulo Yucat\u00e1n; Tatina Macosay, Comunidad Pink Mustache; Lic. Liliana Carrillo, Asociaci\u00f3n Mexicana de Mujeres Empresarias de Yucat\u00e1n; y Eneyda Medrano Rivero, Agrupaci\u00f3n Femenil del Empresariado Yucateco.<\/p>\n<p>Por la ma\u00f1ana Karem Achach realiz\u00f3 volanteo en Juan Pablo II, en donde estuvo acompa\u00f1ada del Lic. Ren\u00e1n Barrera Concha, candidato del PAN a la Alcald\u00eda de M\u00e9rida.<\/p>\n<p>Karem Achach continuar\u00e1 sosteniendo reuniones con diferentes actores sociales a fin de escuchar sus necesidades y conformar una plataforma legislativa, en la que trabajar\u00e1, en caso de ser electa con el voto de la ciudadan\u00eda, desde el Congreso del Estado.<\/p><\/p>\n","protected":false},"excerpt":{"rendered":"<p>A fin de escuchar y establecer l\u00edneas de trabajo legislativas en materia empresarial&#8230;<\/p>\n","protected":false},"author":1018,"featured_media":0,"comment_status":"open","ping_status":"open","sticky":false,"template":"","format":"standard","meta":{"tdm_status":"","tdm_grid_status":"","footnotes":""},"categories":[21],"tags":[],"_links":{"self":[{"href":"https:\/\/dralvarez.com.mx\/larevista\/wp-json\/wp\/v2\/posts\/97378"}],"collection":[{"href":"https:\/\/dralvarez.com.mx\/larevista\/wp-json\/wp\/v2\/posts"}],"about":[{"href":"https:\/\/dralvarez.com.mx\/larevista\/wp-json\/wp\/v2\/types\/post"}],"author":[{"embeddable":true,"href":"https:\/\/dralvarez.com.mx\/larevista\/wp-json\/wp\/v2\/users\/1018"}],"replies":[{"embeddable":true,"href":"https:\/\/dralvarez.com.mx\/larevista\/wp-json\/wp\/v2\/comments?post=97378"}],"version-history":[{"count":0,"href":"https:\/\/dralvarez.com.mx\/larevista\/wp-json\/wp\/v2\/posts\/97378\/revisions"}],"wp:attachment":[{"href":"https:\/\/dralvarez.com.mx\/larevista\/wp-json\/wp\/v2\/media?parent=97378"}],"wp:term":[{"taxonomy":"category","embeddable":true,"href":"https:\/\/dralvarez.com.mx\/larevista\/wp-json\/wp\/v2\/categories?post=97378"},{"taxonomy":"post_tag","embeddable":true,"href":"https:\/\/dralvarez.com.mx\/larevista\/wp-json\/wp\/v2\/tags?post=97378"}],"curies":[{"name":"wp","href":"https:\/\/api.w.org\/{rel}","templated":true}]}}