{"id":70994,"date":"2018-11-08T00:00:00","date_gmt":"2018-11-08T06:00:00","guid":{"rendered":"https:\/\/dralvarez.com.mx\/larevista\/blog\/concluye-seduopi-cancha-en-san-jose-el-alto-31152"},"modified":"2018-11-08T00:00:00","modified_gmt":"2018-11-08T06:00:00","slug":"concluye-seduopi-cancha-en-san-jose-el-alto-31152","status":"publish","type":"post","link":"https:\/\/dralvarez.com.mx\/larevista\/compeche\/concluye-seduopi-cancha-en-san-jose-el-alto-31152","title":{"rendered":"Concluye SEDUOPI cancha en san Jos\u00e9 el alto"},"content":{"rendered":"<p>El Gobierno del Estado a trav\u00e9s de la Secretar\u00eda de Desarrollo Urbano, Obras P\u00fablicas e Infraestructura (SEDUOPI), concluy\u00f3 los trabajos de rehabilitaci\u00f3n de la cancha de usos m\u00faltiples y parque en San Jos\u00e9 El Alto, donde se aplicaron recursos por tres millones 670 mil 136 pesos<\/p>\n<p>El subsecretario de Obras P\u00fablicas de la dependencia, Eric Ricardo Aguilar Gamboa, explic\u00f3 que la necesidad de realizar esta obra responde a que se encuentra un pol\u00edgono de alto riesgo delictivo y con ella se busca contribuir a las acciones de prevenci\u00f3n generando lugares de esparcimiento sano para ni\u00f1os y j\u00f3venes.<\/p>\n<p>La obra incluy\u00f3 el techado de la cancha, colocaci\u00f3n de firme de concreto nuevo, pintura, colocaci\u00f3n de tableros nuevos, renovaci\u00f3n de porter\u00edas; as\u00ed como la instalaci\u00f3n de luminarias.<\/p>\n<p>Adem\u00e1s se trabaj\u00f3 en el \u00e1rea del parque con la colocaci\u00f3n de un m\u00f3dulo de juegos infantiles con su respectivo piso de caucho, bancas, ejercitadores, botes de basura, renovaci\u00f3n de pisos; as\u00ed como mesas de picnic para el uso y disfrute de los campechanos.<\/p>\n<p>Record\u00f3 que al inicio de la actual administraci\u00f3n se destinaron recursos del Programa Nacional de Prevenci\u00f3n del Delito (PRONAPRED) en la realizaci\u00f3n de canchas y m\u00f3dulos comunitarios de Campeche y El Carmen, donde es m\u00e1s elevado el \u00edndice de delitos y la descomposici\u00f3n social.<\/p>\n","protected":false},"excerpt":{"rendered":"<p>Buscan prevenir y disminuir el delito<\/p>\n","protected":false},"author":1018,"featured_media":0,"comment_status":"open","ping_status":"open","sticky":false,"template":"","format":"standard","meta":{"tdm_status":"","tdm_grid_status":"","footnotes":""},"categories":[27],"tags":[],"_links":{"self":[{"href":"https:\/\/dralvarez.com.mx\/larevista\/wp-json\/wp\/v2\/posts\/70994"}],"collection":[{"href":"https:\/\/dralvarez.com.mx\/larevista\/wp-json\/wp\/v2\/posts"}],"about":[{"href":"https:\/\/dralvarez.com.mx\/larevista\/wp-json\/wp\/v2\/types\/post"}],"author":[{"embeddable":true,"href":"https:\/\/dralvarez.com.mx\/larevista\/wp-json\/wp\/v2\/users\/1018"}],"replies":[{"embeddable":true,"href":"https:\/\/dralvarez.com.mx\/larevista\/wp-json\/wp\/v2\/comments?post=70994"}],"version-history":[{"count":0,"href":"https:\/\/dralvarez.com.mx\/larevista\/wp-json\/wp\/v2\/posts\/70994\/revisions"}],"wp:attachment":[{"href":"https:\/\/dralvarez.com.mx\/larevista\/wp-json\/wp\/v2\/media?parent=70994"}],"wp:term":[{"taxonomy":"category","embeddable":true,"href":"https:\/\/dralvarez.com.mx\/larevista\/wp-json\/wp\/v2\/categories?post=70994"},{"taxonomy":"post_tag","embeddable":true,"href":"https:\/\/dralvarez.com.mx\/larevista\/wp-json\/wp\/v2\/tags?post=70994"}],"curies":[{"name":"wp","href":"https:\/\/api.w.org\/{rel}","templated":true}]}}