{"id":70992,"date":"2018-11-08T00:00:00","date_gmt":"2018-11-08T06:00:00","guid":{"rendered":"https:\/\/dralvarez.com.mx\/larevista\/blog\/secretaria-de-trabajo-y-prevision-social-31150"},"modified":"2018-11-08T00:00:00","modified_gmt":"2018-11-08T06:00:00","slug":"secretaria-de-trabajo-y-prevision-social-31150","status":"publish","type":"post","link":"https:\/\/dralvarez.com.mx\/larevista\/compeche\/secretaria-de-trabajo-y-prevision-social-31150","title":{"rendered":"Secretar\u00eda de trabajo y previsi\u00f3n social"},"content":{"rendered":"<p>CDMX.- El secretario de Trabajo y Previsi\u00f3n Social del Estado de Campeche, Jorge Radam\u00e9s Romero Bock, asisti\u00f3 a la presentaci\u00f3n del nuevo sitio web del Portal de Empleo, <a target=\"_blank\" rel=\"nofollow noopener\" href=\"http:\/\/www.gob.mx\/empleo\">www.gob.mx\/empleo<\/a>, la cual fue encabezada por el Secretario del Trabajo Federal, Roberto Campa Cifri\u00e1n, plataforma que tiene como objetivo seguir mejorando las estrategias de vinculaci\u00f3n laboral y capacitaci\u00f3n; y as\u00ed facilitar tr\u00e1mites, reducir tiempos y mejorar procesos de b\u00fasqueda y colocaci\u00f3n de personas en puestos de trabajo. Con este paso en innovaci\u00f3n digital del gobierno federal y con el respaldo del gobernador, Alejandro Moreno C\u00e1rdenas, la STPSCAM continuar\u00e1 trabajando a favor de la generaci\u00f3n de empleos para beneficio de los campechanos.<\/p>\n","protected":false},"excerpt":{"rendered":"<p>El secretario de Trabajo y Previsi\u00f3n Social del Estado de Campeche, Jorge Radam\u00e9s Romero Bock, asisti\u00f3 a la presentaci\u00f3n del nuevo sitio web del Porta<\/p>\n","protected":false},"author":1018,"featured_media":0,"comment_status":"open","ping_status":"open","sticky":false,"template":"","format":"standard","meta":{"tdm_status":"","tdm_grid_status":"","footnotes":""},"categories":[27],"tags":[],"_links":{"self":[{"href":"https:\/\/dralvarez.com.mx\/larevista\/wp-json\/wp\/v2\/posts\/70992"}],"collection":[{"href":"https:\/\/dralvarez.com.mx\/larevista\/wp-json\/wp\/v2\/posts"}],"about":[{"href":"https:\/\/dralvarez.com.mx\/larevista\/wp-json\/wp\/v2\/types\/post"}],"author":[{"embeddable":true,"href":"https:\/\/dralvarez.com.mx\/larevista\/wp-json\/wp\/v2\/users\/1018"}],"replies":[{"embeddable":true,"href":"https:\/\/dralvarez.com.mx\/larevista\/wp-json\/wp\/v2\/comments?post=70992"}],"version-history":[{"count":0,"href":"https:\/\/dralvarez.com.mx\/larevista\/wp-json\/wp\/v2\/posts\/70992\/revisions"}],"wp:attachment":[{"href":"https:\/\/dralvarez.com.mx\/larevista\/wp-json\/wp\/v2\/media?parent=70992"}],"wp:term":[{"taxonomy":"category","embeddable":true,"href":"https:\/\/dralvarez.com.mx\/larevista\/wp-json\/wp\/v2\/categories?post=70992"},{"taxonomy":"post_tag","embeddable":true,"href":"https:\/\/dralvarez.com.mx\/larevista\/wp-json\/wp\/v2\/tags?post=70992"}],"curies":[{"name":"wp","href":"https:\/\/api.w.org\/{rel}","templated":true}]}}