{"id":70808,"date":"2018-10-31T00:00:00","date_gmt":"2018-10-31T06:00:00","guid":{"rendered":"https:\/\/dralvarez.com.mx\/larevista\/blog\/da-a-conocer-seduc-a-ganadores-del-concurso-de-fotografia-soy-campechano-30951"},"modified":"2018-10-31T00:00:00","modified_gmt":"2018-10-31T06:00:00","slug":"da-a-conocer-seduc-a-ganadores-del-concurso-de-fotografia-soy-campechano-30951","status":"publish","type":"post","link":"https:\/\/dralvarez.com.mx\/larevista\/compeche\/da-a-conocer-seduc-a-ganadores-del-concurso-de-fotografia-soy-campechano-30951","title":{"rendered":"Da a conocer SEDUC a ganadores del concurso de fotograf\u00eda \u201csoy campechano\u201d"},"content":{"rendered":"<p>La Secretar\u00eda de Educaci\u00f3n del Estado de Campeche (SEDUC), a trav\u00e9s del departamento de Investigaci\u00f3n y Desarrollo Educativo (SIDE) dio a conocer a los ganadores del concurso estatal de fotograf\u00eda \u201cSoy Campechano\u201d en su edici\u00f3n 2018.<\/p>\n<p>El responsable de este departamento, David Eduardo Fern\u00e1ndez Dom\u00ednguez, anunci\u00f3 que ser\u00e1 el pr\u00f3ximo 5 de noviembre que se realice el acto de premiaci\u00f3n en la dependencia estatal, en el que los acreedores recibir\u00e1n el galard\u00f3n correspondiente, as\u00ed como un diploma por su participaci\u00f3n.<\/p>\n<p>En este sentido anunci\u00f3 que en la categor\u00eda de nivel secundar\u00eda el ganador del primer lugar fue: Carlos Montes Sari\u00f1ana, de la Escuela Secundaria T\u00e9cnica n\u00famero 1; \u00c1ngel Tuz Sosa, de la Escuela Secundaria General 12 obtuvo el segundo lugar; y por \u00faltimo Joanna Hass Hass y Dami\u00e1n Naal V\u00e1zquez, de la Escuela Secundaria T\u00e9cnica n\u00famero 5 y Escuela Secundaria General #12, respectivamente, empataron por el tercer lugar.<\/p>\n<p>En tanto que en la categor\u00eda Medio Superior el primer lugar fue para Anayeli Traconis V\u00e1zquez, estudiante de la UNACAR preparatoria Campus 2; el segundo sitio fue para Samuel P\u00e9rez Guzm\u00e1n de la misma preparatoria y universidad; y el tercer lugar correspondi\u00f3 a Zurisada\u00ed Canch\u00e9 Uitz del plantel CECYT Campeche.<\/p>\n","protected":false},"excerpt":{"rendered":"<p>David Eduardo Fern\u00e1ndez Dom\u00ednguez, anunci\u00f3 que ser\u00e1 el pr\u00f3ximo 5 de noviembre que se realice el acto de premiaci\u00f3n en la dependencia estatal<\/p>\n","protected":false},"author":1018,"featured_media":0,"comment_status":"open","ping_status":"open","sticky":false,"template":"","format":"standard","meta":{"tdm_status":"","tdm_grid_status":"","footnotes":""},"categories":[27],"tags":[],"_links":{"self":[{"href":"https:\/\/dralvarez.com.mx\/larevista\/wp-json\/wp\/v2\/posts\/70808"}],"collection":[{"href":"https:\/\/dralvarez.com.mx\/larevista\/wp-json\/wp\/v2\/posts"}],"about":[{"href":"https:\/\/dralvarez.com.mx\/larevista\/wp-json\/wp\/v2\/types\/post"}],"author":[{"embeddable":true,"href":"https:\/\/dralvarez.com.mx\/larevista\/wp-json\/wp\/v2\/users\/1018"}],"replies":[{"embeddable":true,"href":"https:\/\/dralvarez.com.mx\/larevista\/wp-json\/wp\/v2\/comments?post=70808"}],"version-history":[{"count":0,"href":"https:\/\/dralvarez.com.mx\/larevista\/wp-json\/wp\/v2\/posts\/70808\/revisions"}],"wp:attachment":[{"href":"https:\/\/dralvarez.com.mx\/larevista\/wp-json\/wp\/v2\/media?parent=70808"}],"wp:term":[{"taxonomy":"category","embeddable":true,"href":"https:\/\/dralvarez.com.mx\/larevista\/wp-json\/wp\/v2\/categories?post=70808"},{"taxonomy":"post_tag","embeddable":true,"href":"https:\/\/dralvarez.com.mx\/larevista\/wp-json\/wp\/v2\/tags?post=70808"}],"curies":[{"name":"wp","href":"https:\/\/api.w.org\/{rel}","templated":true}]}}