{"id":70769,"date":"2018-10-30T00:00:00","date_gmt":"2018-10-30T06:00:00","guid":{"rendered":"https:\/\/dralvarez.com.mx\/larevista\/blog\/celebra-cecytec-24-aniversario-30912"},"modified":"2018-10-30T00:00:00","modified_gmt":"2018-10-30T06:00:00","slug":"celebra-cecytec-24-aniversario-30912","status":"publish","type":"post","link":"https:\/\/dralvarez.com.mx\/larevista\/compeche\/celebra-cecytec-24-aniversario-30912","title":{"rendered":"Celebra CECYTEC 24 aniversario"},"content":{"rendered":"<p>Con motivo de celebrar 24 a\u00f1os de formar a j\u00f3venes campechanos en la Ciencia y la Tecnolog\u00eda, el Colegio de Estudios Cient\u00edficos y Tecnol\u00f3gicos del Estado de Campeche (CECyTEC), realiz\u00f3 evento acad\u00e9mico en el que participaron m\u00e1s de mil 500 personas entre alumnos, docentes y personal administrativo de los siete planteles de la instituci\u00f3n.<\/p>\n<p>Dicho evento fue encabezado por la directora general del CECyTEC, Laura Baqueiro Ramos y el secretario de Educaci\u00f3n, Ricardo Medina Farf\u00e1n, quienes entregaron reconocimientos a los conferencistas Chantal Chalita por su tema \u201cSustentabilidad en la Vida Cotidiana\u201d y a Juan Pablo (Pavo) G\u00f3mez Orea por su ponencia \u201cEmprender o Morir\u201d.<\/p>\n<p>En el encuentro, Baqueiro Ramos, mencion\u00f3 que en la actualidad el Colegio vive momentos de retos y desaf\u00edos, \u201cestamos trabajando por mejores resultados para lograr que el CECyTEC sea el mejor del pa\u00eds, ya que la educaci\u00f3n es cimiento de un mejor Estado y desde esta instituci\u00f3n se contribuir\u00e1 al desarrollo de Campeche\u201d.<\/p>\n<p>Agreg\u00f3 que su compromiso es sumar esfuerzos que permitan tener mejores planteles, instalaciones y laboratorios para alcanzar la Excelencia Educativa, \u201cplanteles donde se promueva el deporte, el arte y la cultura para el bienestar integral de todos los educandos\u201d, se\u00f1al\u00f3.<\/p>\n<p>La acompa\u00f1aron, el delegado de la Secretar\u00eda de Educaci\u00f3n P\u00fablica (SEP), Rafael Alcal\u00e1 Ortiz; los directores de la Fundaci\u00f3n Pablo Garc\u00eda, Jorge Esquivel Ru\u00edz; del CONALEP, Alejandrina Moreno Barona; del COBACAM, Adlemi Santiago Ram\u00edrez, entre otras autoridades educativa<\/p>\n","protected":false},"excerpt":{"rendered":"<p>Se realiz\u00f3 evento acad\u00e9mico en el que participaron m\u00e1s de mil 500 personas entre alumnos, docentes y personal administrativo de los siete planteles de<\/p>\n","protected":false},"author":1018,"featured_media":0,"comment_status":"open","ping_status":"open","sticky":false,"template":"","format":"standard","meta":{"tdm_status":"","tdm_grid_status":"","footnotes":""},"categories":[27],"tags":[],"_links":{"self":[{"href":"https:\/\/dralvarez.com.mx\/larevista\/wp-json\/wp\/v2\/posts\/70769"}],"collection":[{"href":"https:\/\/dralvarez.com.mx\/larevista\/wp-json\/wp\/v2\/posts"}],"about":[{"href":"https:\/\/dralvarez.com.mx\/larevista\/wp-json\/wp\/v2\/types\/post"}],"author":[{"embeddable":true,"href":"https:\/\/dralvarez.com.mx\/larevista\/wp-json\/wp\/v2\/users\/1018"}],"replies":[{"embeddable":true,"href":"https:\/\/dralvarez.com.mx\/larevista\/wp-json\/wp\/v2\/comments?post=70769"}],"version-history":[{"count":0,"href":"https:\/\/dralvarez.com.mx\/larevista\/wp-json\/wp\/v2\/posts\/70769\/revisions"}],"wp:attachment":[{"href":"https:\/\/dralvarez.com.mx\/larevista\/wp-json\/wp\/v2\/media?parent=70769"}],"wp:term":[{"taxonomy":"category","embeddable":true,"href":"https:\/\/dralvarez.com.mx\/larevista\/wp-json\/wp\/v2\/categories?post=70769"},{"taxonomy":"post_tag","embeddable":true,"href":"https:\/\/dralvarez.com.mx\/larevista\/wp-json\/wp\/v2\/tags?post=70769"}],"curies":[{"name":"wp","href":"https:\/\/api.w.org\/{rel}","templated":true}]}}