{"id":70768,"date":"2018-10-30T00:00:00","date_gmt":"2018-10-30T06:00:00","guid":{"rendered":"https:\/\/dralvarez.com.mx\/larevista\/blog\/presente-campeche-en-el-tercer-taller-de-consulta-publica-para-la-evaluacion-del-programa-especial-de-migracion-2014-2018-30911"},"modified":"2018-10-30T00:00:00","modified_gmt":"2018-10-30T06:00:00","slug":"presente-campeche-en-el-tercer-taller-de-consulta-publica-para-la-evaluacion-del-programa-especial-de-migracion-2014-2018-30911","status":"publish","type":"post","link":"https:\/\/dralvarez.com.mx\/larevista\/compeche\/presente-campeche-en-el-tercer-taller-de-consulta-publica-para-la-evaluacion-del-programa-especial-de-migracion-2014-2018-30911","title":{"rendered":"Presente Campeche en el &#8220;tercer taller de consulta p\u00fablica para la evaluaci\u00f3n del programa especial de migraci\u00f3n 2014-2018&#8221;"},"content":{"rendered":"<p>El director general del Instituto de Acceso a la Justicia del Estado de Campeche, (INDAJUCAM), Jos\u00e9 Alberto Calder\u00f3n Silva, asisti\u00f3 -en la ciudad de Oaxaca- al &#8220;Tercer Taller de Consulta P\u00fablica para la Evaluaci\u00f3n del Programa Especial de Migraci\u00f3n 2014-2018&#8221;, en el marco  de la Sesi\u00f3n Extraordinaria de la Coordinaci\u00f3n Nacional de Oficinas Estatales de Atenci\u00f3n a Migrantes.<\/p>\n<p>El objetivo es evaluar los avances del Programa Especial de Migraci\u00f3n 2014 \u2013 2018,  publicado en el Diario Oficial de la Federaci\u00f3n el 30 de abril de 2014,  como primer instrumento de planeaci\u00f3n en la historia de M\u00e9xico que orienta y da seguimiento al dise\u00f1o, implementaci\u00f3n y evaluaci\u00f3n de los diferentes programas y estrategias espec\u00edficas en materia migratoria.<\/p>\n<p>Adem\u00e1s de Campeche, participaron los representantes de los estados de  Aguascalientes, Chihuahua, Coahuila, Colima, Durango, Estado de M\u00e9xico, Guerrero, Hidalgo, Jalisco, Michoac\u00e1n, Nuevo Le\u00f3n, Oaxaca, Puebla, Quer\u00e9taro, Tlaxcala, Tamaulipas y Zacatecas.<\/p>\n","protected":false},"excerpt":{"rendered":"<p>Jos\u00e9 Alberto Calder\u00f3n Silva, asisti\u00f3 -en la ciudad de Oaxaca- al &#8220;Tercer Taller de Consulta P\u00fablica para la Evaluaci\u00f3n del Programa Especial de Migrac<\/p>\n","protected":false},"author":1018,"featured_media":0,"comment_status":"open","ping_status":"open","sticky":false,"template":"","format":"standard","meta":{"tdm_status":"","tdm_grid_status":"","footnotes":""},"categories":[27],"tags":[],"_links":{"self":[{"href":"https:\/\/dralvarez.com.mx\/larevista\/wp-json\/wp\/v2\/posts\/70768"}],"collection":[{"href":"https:\/\/dralvarez.com.mx\/larevista\/wp-json\/wp\/v2\/posts"}],"about":[{"href":"https:\/\/dralvarez.com.mx\/larevista\/wp-json\/wp\/v2\/types\/post"}],"author":[{"embeddable":true,"href":"https:\/\/dralvarez.com.mx\/larevista\/wp-json\/wp\/v2\/users\/1018"}],"replies":[{"embeddable":true,"href":"https:\/\/dralvarez.com.mx\/larevista\/wp-json\/wp\/v2\/comments?post=70768"}],"version-history":[{"count":0,"href":"https:\/\/dralvarez.com.mx\/larevista\/wp-json\/wp\/v2\/posts\/70768\/revisions"}],"wp:attachment":[{"href":"https:\/\/dralvarez.com.mx\/larevista\/wp-json\/wp\/v2\/media?parent=70768"}],"wp:term":[{"taxonomy":"category","embeddable":true,"href":"https:\/\/dralvarez.com.mx\/larevista\/wp-json\/wp\/v2\/categories?post=70768"},{"taxonomy":"post_tag","embeddable":true,"href":"https:\/\/dralvarez.com.mx\/larevista\/wp-json\/wp\/v2\/tags?post=70768"}],"curies":[{"name":"wp","href":"https:\/\/api.w.org\/{rel}","templated":true}]}}