{"id":70765,"date":"2018-10-30T00:00:00","date_gmt":"2018-10-30T06:00:00","guid":{"rendered":"https:\/\/dralvarez.com.mx\/larevista\/blog\/grupo-de-participacion-ciudadana-de-la-unidad-de-comunicacion-social-del-gobierno-del-estado-visito-el-hogar-de-ancianos-y-entrego-donativo-30908"},"modified":"2018-10-30T00:00:00","modified_gmt":"2018-10-30T06:00:00","slug":"grupo-de-participacion-ciudadana-de-la-unidad-de-comunicacion-social-del-gobierno-del-estado-visito-el-hogar-de-ancianos-y-entrego-donativo-30908","status":"publish","type":"post","link":"https:\/\/dralvarez.com.mx\/larevista\/compeche\/grupo-de-participacion-ciudadana-de-la-unidad-de-comunicacion-social-del-gobierno-del-estado-visito-el-hogar-de-ancianos-y-entrego-donativo-30908","title":{"rendered":"Grupo de participaci\u00f3n ciudadana de la unidad de comunicaci\u00f3n social del gobierno del estado visit\u00f3 el hogar de ancianos y entreg\u00f3 donativo"},"content":{"rendered":"<p>El Grupo de Participaci\u00f3n Ciudadana (GPC) de la Unidad de Comunicaci\u00f3n Social del Gobierno del Estado (UCS), encabezado por Isla Aysa de Olivera, como parte de las actividades asistenciales que realiza la Presidenta del Patronato del DIF Estatal, Christelle Casta\u00f1\u00f3n de Moreno, visit\u00f3 el hogar de ancianos \u201cDolores Lanz de Echeverr\u00eda\u201d y entreg\u00f3 donativo de alimentos y muebles de ba\u00f1o que ser\u00e1n instalados en las \u00e1reas rehabilitadas para el confort de los hu\u00e9spedes.<\/p>\n<p>Acompa\u00f1ada por un grupo de colaboradoras, la promotora del GPC de la UCS, salud\u00f3 a los hu\u00e9spedes, con quienes convivi\u00f3 y platic\u00f3 largo rato, mientras disfrutaban de los alimentos.<\/p>\n<p>La Directora de Atenci\u00f3n Integral al Adulto Mayor (DAIAM), Liliana Rendis Buenfil, a nombre de la Presidenta del Patronato, agradeci\u00f3 el noble gesto para con los abuelitos del hogar, asimismo, felicit\u00f3 a Isla Aysa de Olivera por su preocupaci\u00f3n para con este sector de la sociedad y por llevar siempre momentos de alegr\u00eda que en esta ocasi\u00f3n fue mediante el espect\u00e1culo del payaso \u201cCebollita\u201d.<\/p>\n","protected":false},"excerpt":{"rendered":"<p>La Directora de Atenci\u00f3n Integral al Adulto Mayor (DAIAM), Liliana Rendis Buenfil, a nombre de la Presidenta del Patronato, agradeci\u00f3 el noble gesto p<\/p>\n","protected":false},"author":1018,"featured_media":0,"comment_status":"open","ping_status":"open","sticky":false,"template":"","format":"standard","meta":{"tdm_status":"","tdm_grid_status":"","footnotes":""},"categories":[27],"tags":[],"_links":{"self":[{"href":"https:\/\/dralvarez.com.mx\/larevista\/wp-json\/wp\/v2\/posts\/70765"}],"collection":[{"href":"https:\/\/dralvarez.com.mx\/larevista\/wp-json\/wp\/v2\/posts"}],"about":[{"href":"https:\/\/dralvarez.com.mx\/larevista\/wp-json\/wp\/v2\/types\/post"}],"author":[{"embeddable":true,"href":"https:\/\/dralvarez.com.mx\/larevista\/wp-json\/wp\/v2\/users\/1018"}],"replies":[{"embeddable":true,"href":"https:\/\/dralvarez.com.mx\/larevista\/wp-json\/wp\/v2\/comments?post=70765"}],"version-history":[{"count":0,"href":"https:\/\/dralvarez.com.mx\/larevista\/wp-json\/wp\/v2\/posts\/70765\/revisions"}],"wp:attachment":[{"href":"https:\/\/dralvarez.com.mx\/larevista\/wp-json\/wp\/v2\/media?parent=70765"}],"wp:term":[{"taxonomy":"category","embeddable":true,"href":"https:\/\/dralvarez.com.mx\/larevista\/wp-json\/wp\/v2\/categories?post=70765"},{"taxonomy":"post_tag","embeddable":true,"href":"https:\/\/dralvarez.com.mx\/larevista\/wp-json\/wp\/v2\/tags?post=70765"}],"curies":[{"name":"wp","href":"https:\/\/api.w.org\/{rel}","templated":true}]}}