{"id":70763,"date":"2018-10-30T00:00:00","date_gmt":"2018-10-30T06:00:00","guid":{"rendered":"https:\/\/dralvarez.com.mx\/larevista\/blog\/el-dif-estatal-a-traves-del-centro-artistico-y-cultural-leovigildo-gomez-organizo-el-concurso-de-la-linda-campechanita-2018-y-festival-inclusivo-30906"},"modified":"2018-10-30T00:00:00","modified_gmt":"2018-10-30T06:00:00","slug":"el-dif-estatal-a-traves-del-centro-artistico-y-cultural-leovigildo-gomez-organizo-el-concurso-de-la-linda-campechanita-2018-y-festival-inclusivo-30906","status":"publish","type":"post","link":"https:\/\/dralvarez.com.mx\/larevista\/compeche\/el-dif-estatal-a-traves-del-centro-artistico-y-cultural-leovigildo-gomez-organizo-el-concurso-de-la-linda-campechanita-2018-y-festival-inclusivo-30906","title":{"rendered":"El DIF estatal a trav\u00e9s del centro art\u00edstico y cultural \u201cLeovigildo G\u00f3mez\u201d organiz\u00f3 el concurso de la linda Campechanita 2018 y festival inclusivo"},"content":{"rendered":"<p>En el marco de las festividades del Mes de la Campechanidad, y con el objetivo de fomentar nuestras tradiciones e inclusi\u00f3n de las personas con discapacidad, con la representaci\u00f3n de la Presidenta del Patronato del DIF Estatal, Christelle Casta\u00f1\u00f3n de Moreno, la Directora General del SEDIF, Silvia Elena Parrao Arceo, premi\u00f3 a la Linda Campechanita 2018, Vilma Alicia del CAM 3.<\/p>\n<p>Cabe mencionar, que el evento de inclusi\u00f3n fue organizado por la Direcci\u00f3n de Atenci\u00f3n Social y Discapacidad del DIF Estatal, a trav\u00e9s del Centro Art\u00edstico y Cultural \u201cLeovigildo G\u00f3mez\u201d y la Secretar\u00eda de Educaci\u00f3n (SEDUC).<\/p>\n<p>En medio de los aplausos, la alegr\u00eda y las canciones campechanas, se efectu\u00f3 el desfile con un total de seis participantes de los diferentes Centros de Atenci\u00f3n M\u00faltiple (CAM) del Estado y se realiz\u00f3 el Festival Inclusivo Art\u00edstico Cultural.<\/p>\n<p>Muy animados, los profesores, alumnos y padres de familia, apoyaron con porras a las concursantes, que con gran entusiasmo participaron en pro de nuestras tradiciones culturales. Cada una mostr\u00f3 simpat\u00eda, y con gran personalidad y portaron el traje regional de la mujer campechana, en dos categor\u00edas, que fueron la de traje t\u00edpico y estilizado.<\/p>\n<p>Por la Secretaria de Desarrollo Social y Humano (SEDESYH) asisti\u00f3 su titular Pedro Arment\u00eda L\u00f3pez;  por la Secretaria de Educaci\u00f3n (SEDUC) el Subsecretario de Educaci\u00f3n B\u00e1sica, Ricardo Coj Cambranis; la Directora de Atenci\u00f3n Social y Discapacidad, Magaly Medina Farf\u00e1n; y la titular del Grupo de Participaci\u00f3n Ciudadana de la SEDUC, Blanca Uribe de Medina, quienes entregaron reconocimientos a las participantes que ocuparon los siguientes premios Kesysi Pinz\u00f3n, \u201cLinda Campechanita Infantil\u201d del CAM 2; Kiriat Mart\u00ednez, \u201cSimpat\u00eda\u201d del CAM 4; Nayeli Guadalupe \u201cElegancia\u201d del CAM 16; Julissa C\u00f3rdova, \u201cFotogenia\u201d del CAM 15 e Itzel Escamilla, Traje Estilizado del CAM 5.<\/p>\n","protected":false},"excerpt":{"rendered":"<p>Directora General del SEDIF, Silvia Elena Parrao Arceo, premi\u00f3 a la Linda Campechanita 2018, Vilma Alicia del CAM<\/p>\n","protected":false},"author":1018,"featured_media":0,"comment_status":"open","ping_status":"open","sticky":false,"template":"","format":"standard","meta":{"tdm_status":"","tdm_grid_status":"","footnotes":""},"categories":[27],"tags":[],"_links":{"self":[{"href":"https:\/\/dralvarez.com.mx\/larevista\/wp-json\/wp\/v2\/posts\/70763"}],"collection":[{"href":"https:\/\/dralvarez.com.mx\/larevista\/wp-json\/wp\/v2\/posts"}],"about":[{"href":"https:\/\/dralvarez.com.mx\/larevista\/wp-json\/wp\/v2\/types\/post"}],"author":[{"embeddable":true,"href":"https:\/\/dralvarez.com.mx\/larevista\/wp-json\/wp\/v2\/users\/1018"}],"replies":[{"embeddable":true,"href":"https:\/\/dralvarez.com.mx\/larevista\/wp-json\/wp\/v2\/comments?post=70763"}],"version-history":[{"count":0,"href":"https:\/\/dralvarez.com.mx\/larevista\/wp-json\/wp\/v2\/posts\/70763\/revisions"}],"wp:attachment":[{"href":"https:\/\/dralvarez.com.mx\/larevista\/wp-json\/wp\/v2\/media?parent=70763"}],"wp:term":[{"taxonomy":"category","embeddable":true,"href":"https:\/\/dralvarez.com.mx\/larevista\/wp-json\/wp\/v2\/categories?post=70763"},{"taxonomy":"post_tag","embeddable":true,"href":"https:\/\/dralvarez.com.mx\/larevista\/wp-json\/wp\/v2\/tags?post=70763"}],"curies":[{"name":"wp","href":"https:\/\/api.w.org\/{rel}","templated":true}]}}