{"id":70663,"date":"2018-10-29T00:00:00","date_gmt":"2018-10-29T06:00:00","guid":{"rendered":"https:\/\/dralvarez.com.mx\/larevista\/blog\/christelle-castanon-de-moreno-inauguro-sexto-festival-de-compras-de-la-fundacion-juan-camilo-mourino-terrazo-30804"},"modified":"2018-10-29T00:00:00","modified_gmt":"2018-10-29T06:00:00","slug":"christelle-castanon-de-moreno-inauguro-sexto-festival-de-compras-de-la-fundacion-juan-camilo-mourino-terrazo-30804","status":"publish","type":"post","link":"https:\/\/dralvarez.com.mx\/larevista\/compeche\/christelle-castanon-de-moreno-inauguro-sexto-festival-de-compras-de-la-fundacion-juan-camilo-mourino-terrazo-30804","title":{"rendered":"Christelle Casta\u00f1\u00f3n De Moreno inaugur\u00f3 sexto festival de compras de la fundaci\u00f3n \u201cjuan camilo mouri\u00f1o terrazo\u201d"},"content":{"rendered":"<p>La Presidenta del Patronato del DIF Estatal, Christelle Casta\u00f1\u00f3n de Moreno, felicit\u00f3 a las organizadoras del Sexto Festival de Compras de la Fundaci\u00f3n \u201cJuan Camilo Mouri\u00f1o Terrazo\u201d, que preside Marian Mouri\u00f1o Terrazo y Proyecto Total, por la labor que realizan en pro de los j\u00f3venes y trasmiti\u00f3 el afectuoso saludo de su esposo el gobernador del Estado, Alejandro Moreno C\u00e1rdenas.<\/p>\n<p>\u201cTodas las acciones son siempre por una buena causa, gracias a los donativos que se realicen tendr\u00e1n un fin social, ayudar a los j\u00f3venes, adolescentes que est\u00e1n en una situaci\u00f3n dif\u00edcil, previniendo las adicciones de riesgo que hoy viven\u201d, indic\u00f3.<\/p>\n<p>En la expo que se encuentra instalada en el Centro Internacional de Convenciones \u201cCampeche XXI\u201d del 26 al 28 de octubre con horario de 9:00 a 21:00 horas, participan 74 expositores, entre ellos, y por primera vez asiste el grupo de joyerosmx, que exhiben sus prendas y dan muestra de lo que se elabora en toda la Rep\u00fablica.<\/p>\n<p>Por su parte, la presidenta de la Fundaci\u00f3n, Marian Mouri\u00f1o Terrazo resalt\u00f3 el inter\u00e9s del gobernador del Estado, por promover acciones para prevenir el suicidio que es un tema que tambi\u00e9n la fundaci\u00f3n combate y finalmente, extendi\u00f3 su agradecimiento, a los 74 expositores.<\/p>\n<p> El grupo de joyerosmx esta conformada por su presidenta Desirre Navarro, e integrantes Leticia Llera, Samuel Burstein, Mariana Barranco, Claudia Vega, \u00c1ngeles Loaiza, Diana Solis, Flora Maria, Edith Brabata, Oscar Figueroa, Cynthia Serrano, Ivon Fuentes, Mauricio Serrano, entre otros.<\/p>\n","protected":false},"excerpt":{"rendered":"<p>Christelle Casta\u00f1\u00f3n de Moreno, felicit\u00f3 a las organizadoras del Sexto Festival de Compras de la Fundaci\u00f3n \u201cJuan Camilo Mouri\u00f1o Terrazo<\/p>\n","protected":false},"author":1018,"featured_media":0,"comment_status":"open","ping_status":"open","sticky":false,"template":"","format":"standard","meta":{"tdm_status":"","tdm_grid_status":"","footnotes":""},"categories":[27],"tags":[],"_links":{"self":[{"href":"https:\/\/dralvarez.com.mx\/larevista\/wp-json\/wp\/v2\/posts\/70663"}],"collection":[{"href":"https:\/\/dralvarez.com.mx\/larevista\/wp-json\/wp\/v2\/posts"}],"about":[{"href":"https:\/\/dralvarez.com.mx\/larevista\/wp-json\/wp\/v2\/types\/post"}],"author":[{"embeddable":true,"href":"https:\/\/dralvarez.com.mx\/larevista\/wp-json\/wp\/v2\/users\/1018"}],"replies":[{"embeddable":true,"href":"https:\/\/dralvarez.com.mx\/larevista\/wp-json\/wp\/v2\/comments?post=70663"}],"version-history":[{"count":0,"href":"https:\/\/dralvarez.com.mx\/larevista\/wp-json\/wp\/v2\/posts\/70663\/revisions"}],"wp:attachment":[{"href":"https:\/\/dralvarez.com.mx\/larevista\/wp-json\/wp\/v2\/media?parent=70663"}],"wp:term":[{"taxonomy":"category","embeddable":true,"href":"https:\/\/dralvarez.com.mx\/larevista\/wp-json\/wp\/v2\/categories?post=70663"},{"taxonomy":"post_tag","embeddable":true,"href":"https:\/\/dralvarez.com.mx\/larevista\/wp-json\/wp\/v2\/tags?post=70663"}],"curies":[{"name":"wp","href":"https:\/\/api.w.org\/{rel}","templated":true}]}}