{"id":70661,"date":"2018-10-29T00:00:00","date_gmt":"2018-10-29T06:00:00","guid":{"rendered":"https:\/\/dralvarez.com.mx\/larevista\/blog\/realizan-docentes-de-educacion-basica-segunda-sesion-de-consejos-tecnicos-escolares-30802"},"modified":"2018-10-29T00:00:00","modified_gmt":"2018-10-29T06:00:00","slug":"realizan-docentes-de-educacion-basica-segunda-sesion-de-consejos-tecnicos-escolares-30802","status":"publish","type":"post","link":"https:\/\/dralvarez.com.mx\/larevista\/compeche\/realizan-docentes-de-educacion-basica-segunda-sesion-de-consejos-tecnicos-escolares-30802","title":{"rendered":"Realizan docentes de educaci\u00f3n b\u00e1sica, segunda sesi\u00f3n de consejos t\u00e9cnicos escolares"},"content":{"rendered":"<p>Tal como se encuentra establecido en el calendario escolar 2018-2019, este viernes todos los centros educativos de Educaci\u00f3n B\u00e1sica de la geograf\u00eda estatal llevaron a cabo la segunda sesi\u00f3n de Consejos T\u00e9cnicos Escolares (CTE) del ciclo en curso, durante la cual docentes y directivos se dieron a la tarea de analizar las pr\u00e1cticas educativas que ha implementado en sus aulas, as\u00ed como los materiales educativos empleados.<\/p>\n<p>El subsecretario de Educaci\u00f3n B\u00e1sica, Ricardo Koh Cambranis, se\u00f1al\u00f3 que tal como se ha desarrollado, el \u00faltimo viernes de cada mes se contempla la sesi\u00f3n de CTE en donde, el colectivo docente se re\u00fane para analizar la situaci\u00f3n de sus planteles y dar seguimiento a la ruta de mejora planteada.<\/p>\n<p>\u201cEn esta jornada correspondiente a la segunda sesi\u00f3n del ciclo escolar 2018-2019, los docentes tuvieron a bien valorar las pr\u00e1cticas educativas que han implementado en las aulas y los materiales educativos empleados, para identificar aquello que ha favorecido el avance en los aprendizajes de sus alumnos\u201d, detall\u00f3.<\/p>\n<p>Koh Cambranis a\u00f1adi\u00f3 que tras esta revisi\u00f3n deber\u00e1n determinar la ruta de mejora, acciones o estrategias a fortalecer para lograr sus prop\u00f3sitos de aprendizaje, y de esta manera compartirlo en el pr\u00f3ximo encuentro de \u201cAprendizaje entre escuelas\u201d.<\/p>\n","protected":false},"excerpt":{"rendered":"<p>El \u00faltimo viernes de cada mes se contempla la sesi\u00f3n de CTE en donde, el colectivo docente se re\u00fane para analizar la situaci\u00f3n de sus planteles<\/p>\n","protected":false},"author":1018,"featured_media":0,"comment_status":"open","ping_status":"open","sticky":false,"template":"","format":"standard","meta":{"tdm_status":"","tdm_grid_status":"","footnotes":""},"categories":[27],"tags":[],"_links":{"self":[{"href":"https:\/\/dralvarez.com.mx\/larevista\/wp-json\/wp\/v2\/posts\/70661"}],"collection":[{"href":"https:\/\/dralvarez.com.mx\/larevista\/wp-json\/wp\/v2\/posts"}],"about":[{"href":"https:\/\/dralvarez.com.mx\/larevista\/wp-json\/wp\/v2\/types\/post"}],"author":[{"embeddable":true,"href":"https:\/\/dralvarez.com.mx\/larevista\/wp-json\/wp\/v2\/users\/1018"}],"replies":[{"embeddable":true,"href":"https:\/\/dralvarez.com.mx\/larevista\/wp-json\/wp\/v2\/comments?post=70661"}],"version-history":[{"count":0,"href":"https:\/\/dralvarez.com.mx\/larevista\/wp-json\/wp\/v2\/posts\/70661\/revisions"}],"wp:attachment":[{"href":"https:\/\/dralvarez.com.mx\/larevista\/wp-json\/wp\/v2\/media?parent=70661"}],"wp:term":[{"taxonomy":"category","embeddable":true,"href":"https:\/\/dralvarez.com.mx\/larevista\/wp-json\/wp\/v2\/categories?post=70661"},{"taxonomy":"post_tag","embeddable":true,"href":"https:\/\/dralvarez.com.mx\/larevista\/wp-json\/wp\/v2\/tags?post=70661"}],"curies":[{"name":"wp","href":"https:\/\/api.w.org\/{rel}","templated":true}]}}