{"id":70660,"date":"2018-10-29T00:00:00","date_gmt":"2018-10-29T06:00:00","guid":{"rendered":"https:\/\/dralvarez.com.mx\/larevista\/blog\/se-desarrollo-la-41-conferencia-nacional-de-mejora-regulatoria-30801"},"modified":"2018-10-29T00:00:00","modified_gmt":"2018-10-29T06:00:00","slug":"se-desarrollo-la-41-conferencia-nacional-de-mejora-regulatoria-30801","status":"publish","type":"post","link":"https:\/\/dralvarez.com.mx\/larevista\/compeche\/se-desarrollo-la-41-conferencia-nacional-de-mejora-regulatoria-30801","title":{"rendered":"Se desarroll\u00f3 la 41\u00b0 conferencia nacional de mejora regulatoria"},"content":{"rendered":"<p>Con la participaci\u00f3n de los tres \u00f3rdenes de gobierno y el objetivo de compartir experiencias, conocimientos y \u00e1reas de oportunidad que contribuyan al desarrollo econ\u00f3mico de los estados y municipios, se desarroll\u00f3 la 41\u00b0 Conferencia Nacional de Mejora Regulatoria, con sede en la ciudad de Tijuana, Baja California.<\/p>\n<p>La titular de la Comisi\u00f3n de Mejora Regulatoria del Estado de Campeche (COMERCAM), Rosaura Santini Cobos, dijo, que el comisionado Nacional de Mejora Regulatoria, Mario Emilio Guti\u00e9rrez Caballero, explic\u00f3 que de acuerdo a los l\u00edderes de la econom\u00eda para que esta pol\u00edtica p\u00fablica sea clara, se necesitan de tres elementos, como lo son un ambiente laboral sano, un sistema  de protecci\u00f3n a los derechos propiedad y el contar con un sistema regulatorio predecible, transparente y eficaz.<\/p>\n<p>Cobos Santini, destac\u00f3 que durante este evento se realizaron diversas actividades como talleres pr\u00e1cticos dirigidos espec\u00edficamente a municipios, tales como simplificaci\u00f3n de licencia de construcci\u00f3n, de licencia de funcionamiento y la implementaci\u00f3n de ventanillas \u00fanicas.<\/p>\n<p>Se impartieron siete paneles y una conferencia magistral, la cual fue con una visi\u00f3n m\u00e1s amplia de la implementaci\u00f3n de la mejora regulatoria, contando con expositores de alto nivel que presentaron y compartieron sus experiencia sobre las diversas herramientas que han permitido desarrollar esta pol\u00edtica p\u00fablica, finaliz\u00f3.<\/p>\n","protected":false},"excerpt":{"rendered":"<p>Se impartieron siete paneles y una conferencia magistral, la cual fue con una visi\u00f3n m\u00e1s amplia de la implementaci\u00f3n de la mejora regulatoria<\/p>\n","protected":false},"author":1018,"featured_media":0,"comment_status":"open","ping_status":"open","sticky":false,"template":"","format":"standard","meta":{"tdm_status":"","tdm_grid_status":"","footnotes":""},"categories":[27],"tags":[],"_links":{"self":[{"href":"https:\/\/dralvarez.com.mx\/larevista\/wp-json\/wp\/v2\/posts\/70660"}],"collection":[{"href":"https:\/\/dralvarez.com.mx\/larevista\/wp-json\/wp\/v2\/posts"}],"about":[{"href":"https:\/\/dralvarez.com.mx\/larevista\/wp-json\/wp\/v2\/types\/post"}],"author":[{"embeddable":true,"href":"https:\/\/dralvarez.com.mx\/larevista\/wp-json\/wp\/v2\/users\/1018"}],"replies":[{"embeddable":true,"href":"https:\/\/dralvarez.com.mx\/larevista\/wp-json\/wp\/v2\/comments?post=70660"}],"version-history":[{"count":0,"href":"https:\/\/dralvarez.com.mx\/larevista\/wp-json\/wp\/v2\/posts\/70660\/revisions"}],"wp:attachment":[{"href":"https:\/\/dralvarez.com.mx\/larevista\/wp-json\/wp\/v2\/media?parent=70660"}],"wp:term":[{"taxonomy":"category","embeddable":true,"href":"https:\/\/dralvarez.com.mx\/larevista\/wp-json\/wp\/v2\/categories?post=70660"},{"taxonomy":"post_tag","embeddable":true,"href":"https:\/\/dralvarez.com.mx\/larevista\/wp-json\/wp\/v2\/tags?post=70660"}],"curies":[{"name":"wp","href":"https:\/\/api.w.org\/{rel}","templated":true}]}}