{"id":70659,"date":"2018-10-29T00:00:00","date_gmt":"2018-10-29T06:00:00","guid":{"rendered":"https:\/\/dralvarez.com.mx\/larevista\/blog\/clausuran-programa-de-prevencion-de-la-violencia-y-delincuencia-en-carmen-30800"},"modified":"2018-10-29T00:00:00","modified_gmt":"2018-10-29T06:00:00","slug":"clausuran-programa-de-prevencion-de-la-violencia-y-delincuencia-en-carmen-30800","status":"publish","type":"post","link":"https:\/\/dralvarez.com.mx\/larevista\/compeche\/clausuran-programa-de-prevencion-de-la-violencia-y-delincuencia-en-carmen-30800","title":{"rendered":"Clausuran programa de prevenci\u00f3n de la violencia y delincuencia en Carmen"},"content":{"rendered":"<p>En el marco del Programa Nacional de Prevenci\u00f3n de la Violencia y la Delincuencia (Pronapred) 2018, el Instituto de Capacitaci\u00f3n para el Trabajo del Estado de Campeche (ICATCAM) y el Consejo Estatal de Seguridad P\u00fablica (CESP), implementaron el curso \u201cEstrategias de intervenci\u00f3n de emprendimiento socio productivo para adolescentes y j\u00f3venes\u201d en el Centro de Readaptaci\u00f3n Social de Carmen, como parte de las acciones para la reinserci\u00f3n social y productiva de los internos.<\/p>\n<p>Durante la entrega de constancias de termino, el director del ICATCAM, Carlos Ortiz Pi\u00f1era, exhort\u00f3 a los internos a continuar participando en los cursos de capacitaci\u00f3n que se realizan, ya que les brinda la oportunidad de reducir factores de riesgo en diferentes \u00e1mbitos, situaciones de vulnerabilidad a sufrir o ejercer violencia y delincuencia.<\/p>\n<p>Por su parte, el secretario Ejecutivo del CESP, Manuel Lanz Novelo, ante m\u00e1s de 40 beneficiados por el Pronapred, se\u00f1al\u00f3 que los gobiernos federal, estatal y municipal trabajan en acciones que fortalezcan las habilidades y aptitudes que permitan desarrollarse en entornos libres de violencia y desarrollar competencias que mejoren sus condiciones de vida.<\/p>\n<p>En el CERESO Carmen se proporcionaron talleres de soluciones de problemas, comportamiento, actitudes, emprendimiento productivo, capacitaci\u00f3n en oficios, habilidades y herramientas.<\/p>\n<p>De igual manera, se concluyeron los cursos impartidos en la Manigua, en el municipio de Carmen, donde se trabaja coordinadamente entre las instituciones y el Ayuntamiento en estrategias que fortalezcan las habilidades y conocimientos de mujeres que les permita desarrollarse en entornos libres de violencia.<\/p>\n<p>A trav\u00e9s del proyecto \u201cEstrategias de intervenci\u00f3n de emprendimiento socio productivo para mujeres\u201d, 37 alumnas participaron en los talleres de g\u00e9nero, belleza integral, actitudes e implementaci\u00f3n de emprendimiento.<\/p>\n","protected":false},"excerpt":{"rendered":"<p>En el CERESO Carmen se proporcionaron talleres de soluciones de problemas, comportamiento, actitudes, emprendimiento productivo, capacitaci\u00f3n en ofici<\/p>\n","protected":false},"author":1018,"featured_media":0,"comment_status":"open","ping_status":"open","sticky":false,"template":"","format":"standard","meta":{"tdm_status":"","tdm_grid_status":"","footnotes":""},"categories":[27],"tags":[],"_links":{"self":[{"href":"https:\/\/dralvarez.com.mx\/larevista\/wp-json\/wp\/v2\/posts\/70659"}],"collection":[{"href":"https:\/\/dralvarez.com.mx\/larevista\/wp-json\/wp\/v2\/posts"}],"about":[{"href":"https:\/\/dralvarez.com.mx\/larevista\/wp-json\/wp\/v2\/types\/post"}],"author":[{"embeddable":true,"href":"https:\/\/dralvarez.com.mx\/larevista\/wp-json\/wp\/v2\/users\/1018"}],"replies":[{"embeddable":true,"href":"https:\/\/dralvarez.com.mx\/larevista\/wp-json\/wp\/v2\/comments?post=70659"}],"version-history":[{"count":0,"href":"https:\/\/dralvarez.com.mx\/larevista\/wp-json\/wp\/v2\/posts\/70659\/revisions"}],"wp:attachment":[{"href":"https:\/\/dralvarez.com.mx\/larevista\/wp-json\/wp\/v2\/media?parent=70659"}],"wp:term":[{"taxonomy":"category","embeddable":true,"href":"https:\/\/dralvarez.com.mx\/larevista\/wp-json\/wp\/v2\/categories?post=70659"},{"taxonomy":"post_tag","embeddable":true,"href":"https:\/\/dralvarez.com.mx\/larevista\/wp-json\/wp\/v2\/tags?post=70659"}],"curies":[{"name":"wp","href":"https:\/\/api.w.org\/{rel}","templated":true}]}}