{"id":70645,"date":"2018-10-26T00:00:00","date_gmt":"2018-10-26T06:00:00","guid":{"rendered":"https:\/\/dralvarez.com.mx\/larevista\/blog\/toman-protesta-al-consejo-de-proteccion-civil-del-municipio-de-champoton-30786"},"modified":"2018-10-26T00:00:00","modified_gmt":"2018-10-26T06:00:00","slug":"toman-protesta-al-consejo-de-proteccion-civil-del-municipio-de-champoton-30786","status":"publish","type":"post","link":"https:\/\/dralvarez.com.mx\/larevista\/compeche\/toman-protesta-al-consejo-de-proteccion-civil-del-municipio-de-champoton-30786","title":{"rendered":"Toman protesta al consejo de protecci\u00f3n civil del municipio de champot\u00f3n"},"content":{"rendered":"<p>Durante la Sesi\u00f3n Extraordinaria de Instalaci\u00f3n del Consejo Municipal de Protecci\u00f3n Civil de Champot\u00f3n, el titular de la Secretar\u00eda de Protecci\u00f3n Civil (SEPROCI), Edgar Hern\u00e1ndez Hern\u00e1ndez, tom\u00f3 protesta a los integrantes de dicho consejo.<\/p>\n<p>Durante la sesi\u00f3n a la que asistieron, el Presidente Municipal de Champot\u00f3n, Daniel Mart\u00edn Le\u00f3n Cruz; el secretario ejecutivo del consejo municipal, Pedro Francisco P\u00e9rez Haydar; el coordinador de protecci\u00f3n civil municipal, Antonio El\u00edas Sarmiento Villarino, entre otras autoridades, se dio a conocer a los miembros del consejo la responsabilidad que les confiere la Ley de Protecci\u00f3n Civil, Prevenci\u00f3n y Atenci\u00f3n de Desastres del Estado de Campeche con la finalidad de salvaguardar la vida y los bienes de los champotoneros.<\/p>\n<p>Hern\u00e1ndez Hern\u00e1ndez reconoci\u00f3 el esfuerzo que se realiza por garantizar las acciones en materia de protecci\u00f3n civil y resalt\u00f3 que la cultura de la prevenci\u00f3n ha tomado un importante papel en toda la sociedad campechana.<\/p>\n<p>A\u00f1adi\u00f3 que estas acciones consolidan el compromiso del Estado con la salvaguarda de la poblaci\u00f3n al contar con municipios preparados en materia de protecci\u00f3n civil.<\/p>\n","protected":false},"excerpt":{"rendered":"<p>El titular de la Secretar\u00eda de Protecci\u00f3n Civil (SEPROCI), Edgar Hern\u00e1ndez Hern\u00e1ndez, tom\u00f3 protesta a los integrantes de dicho consejo.<\/p>\n","protected":false},"author":1018,"featured_media":0,"comment_status":"open","ping_status":"open","sticky":false,"template":"","format":"standard","meta":{"tdm_status":"","tdm_grid_status":"","footnotes":""},"categories":[27],"tags":[],"_links":{"self":[{"href":"https:\/\/dralvarez.com.mx\/larevista\/wp-json\/wp\/v2\/posts\/70645"}],"collection":[{"href":"https:\/\/dralvarez.com.mx\/larevista\/wp-json\/wp\/v2\/posts"}],"about":[{"href":"https:\/\/dralvarez.com.mx\/larevista\/wp-json\/wp\/v2\/types\/post"}],"author":[{"embeddable":true,"href":"https:\/\/dralvarez.com.mx\/larevista\/wp-json\/wp\/v2\/users\/1018"}],"replies":[{"embeddable":true,"href":"https:\/\/dralvarez.com.mx\/larevista\/wp-json\/wp\/v2\/comments?post=70645"}],"version-history":[{"count":0,"href":"https:\/\/dralvarez.com.mx\/larevista\/wp-json\/wp\/v2\/posts\/70645\/revisions"}],"wp:attachment":[{"href":"https:\/\/dralvarez.com.mx\/larevista\/wp-json\/wp\/v2\/media?parent=70645"}],"wp:term":[{"taxonomy":"category","embeddable":true,"href":"https:\/\/dralvarez.com.mx\/larevista\/wp-json\/wp\/v2\/categories?post=70645"},{"taxonomy":"post_tag","embeddable":true,"href":"https:\/\/dralvarez.com.mx\/larevista\/wp-json\/wp\/v2\/tags?post=70645"}],"curies":[{"name":"wp","href":"https:\/\/api.w.org\/{rel}","templated":true}]}}