{"id":70640,"date":"2018-10-26T00:00:00","date_gmt":"2018-10-26T06:00:00","guid":{"rendered":"https:\/\/dralvarez.com.mx\/larevista\/blog\/personal-del-consejo-estatal-de-seguridad-publica-se-reune-con-integrantes-de-la-antad-30781"},"modified":"2018-10-26T00:00:00","modified_gmt":"2018-10-26T06:00:00","slug":"personal-del-consejo-estatal-de-seguridad-publica-se-reune-con-integrantes-de-la-antad-30781","status":"publish","type":"post","link":"https:\/\/dralvarez.com.mx\/larevista\/compeche\/personal-del-consejo-estatal-de-seguridad-publica-se-reune-con-integrantes-de-la-antad-30781","title":{"rendered":"Personal del consejo estatal de seguridad p\u00fablica se re\u00fane con integrantes de la ANTAD"},"content":{"rendered":"<p>Para dar seguimiento a los programas de combate al delito de robo, espec\u00edficamente en tiendas departamentales y de autoservicio (farderismo), y en cumplimiento a los acuerdos derivados de encuentros pasados, se reunieron, en el Consejo Estatal de Seguridad P\u00fablica (CESP), integrantes de las corporaciones policiacas y representantes o encargados de la seguridad de los supermercados y tiendas departamentales pertenecientes a la Asociaci\u00f3n Nacional de Tiendas de Autoservicio y Departamentales (ANTAD).<\/p>\n<p>Durante el encuentro, que se llev\u00f3 a cabo en las instalaciones del Consejo, se acord\u00f3 reforzar las medidas para prevenir conductas inadecuadas y delictivas dentro y fuera de los establecimientos comerciales, sobre todo durante El buen fin, que se realizar\u00e1 el pr\u00f3ximo mes de noviembre.<\/p>\n<p>Es importante resaltar que derivado de las acciones para disuadir y disminuir las afectaciones en materia de robo hormiga y la fluida comunicaci\u00f3n en el intercambio de informaci\u00f3n entre los asociados y las corporaciones pol\u00edciacas y de impartici\u00f3n de justicia, sea impactado de manera positiva la afectaci\u00f3n patrimonial en los locales comerciales. <\/p>\n","protected":false},"excerpt":{"rendered":"<p>Se acord\u00f3 reforzar las medidas para prevenir conductas inadecuadas y delictivas dentro y fuera de los establecimientos comerciales, sobre todo durante<\/p>\n","protected":false},"author":1018,"featured_media":0,"comment_status":"open","ping_status":"open","sticky":false,"template":"","format":"standard","meta":{"tdm_status":"","tdm_grid_status":"","footnotes":""},"categories":[27],"tags":[],"_links":{"self":[{"href":"https:\/\/dralvarez.com.mx\/larevista\/wp-json\/wp\/v2\/posts\/70640"}],"collection":[{"href":"https:\/\/dralvarez.com.mx\/larevista\/wp-json\/wp\/v2\/posts"}],"about":[{"href":"https:\/\/dralvarez.com.mx\/larevista\/wp-json\/wp\/v2\/types\/post"}],"author":[{"embeddable":true,"href":"https:\/\/dralvarez.com.mx\/larevista\/wp-json\/wp\/v2\/users\/1018"}],"replies":[{"embeddable":true,"href":"https:\/\/dralvarez.com.mx\/larevista\/wp-json\/wp\/v2\/comments?post=70640"}],"version-history":[{"count":0,"href":"https:\/\/dralvarez.com.mx\/larevista\/wp-json\/wp\/v2\/posts\/70640\/revisions"}],"wp:attachment":[{"href":"https:\/\/dralvarez.com.mx\/larevista\/wp-json\/wp\/v2\/media?parent=70640"}],"wp:term":[{"taxonomy":"category","embeddable":true,"href":"https:\/\/dralvarez.com.mx\/larevista\/wp-json\/wp\/v2\/categories?post=70640"},{"taxonomy":"post_tag","embeddable":true,"href":"https:\/\/dralvarez.com.mx\/larevista\/wp-json\/wp\/v2\/tags?post=70640"}],"curies":[{"name":"wp","href":"https:\/\/api.w.org\/{rel}","templated":true}]}}