{"id":70609,"date":"2018-10-25T00:00:00","date_gmt":"2018-10-25T06:00:00","guid":{"rendered":"https:\/\/dralvarez.com.mx\/larevista\/blog\/gobernador-amc-respaldara-a-constructores-locales-para-que-realicen-mas-obras-en-la-entidad-30749"},"modified":"2018-10-25T00:00:00","modified_gmt":"2018-10-25T06:00:00","slug":"gobernador-amc-respaldara-a-constructores-locales-para-que-realicen-mas-obras-en-la-entidad-30749","status":"publish","type":"post","link":"https:\/\/dralvarez.com.mx\/larevista\/compeche\/gobernador-amc-respaldara-a-constructores-locales-para-que-realicen-mas-obras-en-la-entidad-30749","title":{"rendered":"Gobernador AMC respaldar\u00e1 a constructores  locales para que realicen m\u00e1s obras en la entidad"},"content":{"rendered":"<p><b>Especial \/ La Revista <\/b><\/p>\n<p>Al atestiguar la toma de protesta de la IX mesa directiva de la Asociaci\u00f3n Mexicana de Ingenier\u00eda de V\u00edas Terrestres A.C (AMIVTAC), delegaci\u00f3n Campeche, que preside Maril\u00fa Escalante Castro, el gobernador Alejandro Moreno C\u00e1rdenas hizo un llamado a los constructores locales a consolidar el trabajo en equipo, dar buenos resultados, cumplir a tiempo y hacer obras de calidad para que los programas de inversi\u00f3n de infraestructura que se proyectan con el nuevo gobierno federal, las realicen empresas campechanas. <\/p>\n<p>En presencia del vicepresidente nacional de la AMIVTAC, Ernesto Cepeda Aldape y del delegado estatal saliente de la asociaci\u00f3n, Ricardo Garc\u00eda Bal\u00e1n, Moreno C\u00e1rdenas precis\u00f3 que as\u00ed como su gobierno est\u00e1 cerrando \u2018a tambor batiente\u2019 con la administraci\u00f3n de Enrique Pe\u00f1a Nieto la ejecuci\u00f3n de programas y obras importantes para la entidad, con el presidente electo Andr\u00e9s Manuel L\u00f3pez Obrador gestiona un plan de infraestructura que asegurar\u00e1 la construcci\u00f3n de m\u00e1s obras, la generaci\u00f3n de empleos y el fortalecimiento de la din\u00e1mica econ\u00f3mica local.<\/p>\n<p>Coment\u00f3 que entre los proyectos de infraestructura carretera que eval\u00faa con L\u00f3pez Obrador, se encuentran los libramientos de Ciudad del Carmen que representa una inversi\u00f3n de m\u00e1s de tres mil millones de pesos, as\u00ed como el de Champot\u00f3n.<\/p>\n<p>Asimismo, pidi\u00f3 a los socios de este organismo estar atentos al proyecto del Tren Maya, el m\u00e1s importante de la regi\u00f3n sur-sureste que promueve el pr\u00f3ximo gobierno federal y que representa una inversi\u00f3n estimada entre 120 y 150 mil millones de pesos, ya que Campeche fue el primer estado en cumplir con todos los elementos jur\u00eddicos, legales y ambientales para dar inicio a la obra que dar\u00e1 conectividad, fortalecer\u00e1 el turismo e integrar\u00e1 a la zona.<\/p>\n<p>\u201cEl compromiso que se ha asumido con el nuevo Gobierno de la Rep\u00fablica, con el presidente electo Andr\u00e9s Manuel L\u00f3pez Obrador, es que las obras se concursen, pero que se procure la participaci\u00f3n de las empresas locales, y ante ello vamos a trabajar para que las obras que se hagan en el estado las construyan las empresas campechanas\u201d, cit\u00f3.<\/p>\n<p>Moreno C\u00e1rdenas signific\u00f3 que su gobierno es promotor del desarrollo y de la modernidad de la infraestructura vial para darle una nueva imagen a la entidad y mejorar la productividad econ\u00f3mica de los campechanos, por lo que en los pr\u00f3ximos meses se inaugurar\u00e1 una serie de obras de infraestructura que durante mucho tiempo tuvieron que esperar por motivos de gesti\u00f3n, falta de recursos y temas ambientales que limitaron su realizaci\u00f3n, como el puente de La Unidad y las carreteras Costera del Golfo y Campeche-Edzn\u00e1.<\/p>\n<p>El mandatario expres\u00f3 su reconocimiento a la AMIVTAC por la actividad que desarroll\u00f3 en el estado y exhort\u00f3 a los integrantes de la nueva mesa directiva a fortalecer el trabajo en unidad para que sigan contribuyendo al desarrollo del estado. <\/p>\n<p>Por su parte, el delegado saliente del organismo, Garc\u00eda Bal\u00e1n, inform\u00f3 que durante su per\u00edodo de gesti\u00f3n, 2016-2018, el n\u00famero de socios se duplic\u00f3, la asociaci\u00f3n particip\u00f3 en una serie de eventos nacionales e internacionales y organiz\u00f3 el V Seminario Internacional de Puentes que cont\u00f3 con la participaci\u00f3n de 600 profesionales y estudiantes.<\/p>\n<p>La nueva delegada Maril\u00fa Escalante Castro expuso que la mesa directiva que dirige para el per\u00edodo 2018-2020, se ha establecido como meta la b\u00fasqueda de la excelencia en el ejercicio profesional de los agremiados, la participaci\u00f3n activa en las distintas etapas de los proyectos de v\u00edas terrestres, la optimizaci\u00f3n de las inversiones para impactar de forma positiva el desarrollo de la infraestructura de transporte, la conservaci\u00f3n de los activos y la preservaci\u00f3n del valor patrimonial de Campeche.<\/p>\n<p>El vicepresidente nacional de la AMIVTAC fue el encargado de tomar protesta a los integrantes de la nueva directiva de la delegaci\u00f3n<br \/>En el evento que se llev\u00f3 a cabo en el sal\u00f3n Edzn\u00e1 de conocido hotel de la ciudad, estuvieron presentes el director general del centro SCT Campeche, Eliasib Polanco Sald\u00edvar; el secretario de Desarrollo Urbano, Obras P\u00fablicas e Infraestructura, Edilberto Buenfil Montalvo y el socio de honor de la AMIVTAC, C\u00e9dric Escalante Sauri.<\/p>\n","protected":false},"excerpt":{"rendered":"<p>Gobierno de Campeche.<\/p>\n","protected":false},"author":1018,"featured_media":0,"comment_status":"open","ping_status":"open","sticky":false,"template":"","format":"standard","meta":{"tdm_status":"","tdm_grid_status":"","footnotes":""},"categories":[27],"tags":[],"_links":{"self":[{"href":"https:\/\/dralvarez.com.mx\/larevista\/wp-json\/wp\/v2\/posts\/70609"}],"collection":[{"href":"https:\/\/dralvarez.com.mx\/larevista\/wp-json\/wp\/v2\/posts"}],"about":[{"href":"https:\/\/dralvarez.com.mx\/larevista\/wp-json\/wp\/v2\/types\/post"}],"author":[{"embeddable":true,"href":"https:\/\/dralvarez.com.mx\/larevista\/wp-json\/wp\/v2\/users\/1018"}],"replies":[{"embeddable":true,"href":"https:\/\/dralvarez.com.mx\/larevista\/wp-json\/wp\/v2\/comments?post=70609"}],"version-history":[{"count":0,"href":"https:\/\/dralvarez.com.mx\/larevista\/wp-json\/wp\/v2\/posts\/70609\/revisions"}],"wp:attachment":[{"href":"https:\/\/dralvarez.com.mx\/larevista\/wp-json\/wp\/v2\/media?parent=70609"}],"wp:term":[{"taxonomy":"category","embeddable":true,"href":"https:\/\/dralvarez.com.mx\/larevista\/wp-json\/wp\/v2\/categories?post=70609"},{"taxonomy":"post_tag","embeddable":true,"href":"https:\/\/dralvarez.com.mx\/larevista\/wp-json\/wp\/v2\/tags?post=70609"}],"curies":[{"name":"wp","href":"https:\/\/api.w.org\/{rel}","templated":true}]}}