{"id":70603,"date":"2018-10-25T00:00:00","date_gmt":"2018-10-25T06:00:00","guid":{"rendered":"https:\/\/dralvarez.com.mx\/larevista\/blog\/familias-fuertes-para-un-mejor-entorno-medina-farfan-30741"},"modified":"2018-10-25T00:00:00","modified_gmt":"2018-10-25T06:00:00","slug":"familias-fuertes-para-un-mejor-entorno-medina-farfan-30741","status":"publish","type":"post","link":"https:\/\/dralvarez.com.mx\/larevista\/compeche\/familias-fuertes-para-un-mejor-entorno-medina-farfan-30741","title":{"rendered":"familias fuertes para un mejor entorno: Medina Farf\u00e1n"},"content":{"rendered":"<p>\u201cFamilias fuertes, capaces de sobrellevar cualquier reto, son la base de una mejor comunidad, de construir un mejor entorno, ese que todos deseamos. Porque tenemos que ser muy claros, el trabajo que desde la escuela se realiza, nunca ser\u00e1 completo si no se trabaja en armon\u00eda con ustedes tutores, as\u00ed como padres y madres para que en conjunto, logremos formar ni\u00f1as y ni\u00f1os felices\u201d, asever\u00f3 el secretario de Educaci\u00f3n, Ricardo Medina Farf\u00e1n, al inaugurar el 10\u00b0 Encuentro Estatal de Padres de Familia \u201cFortaleciendo Familias para Crecer y Ser Felices\u201d.<\/p>\n<p>En este acto, desarrollado en el Centro de Convenciones \u201cCampeche XXI\u201d, el titular de la Secretar\u00eda de Educaci\u00f3n (SEDUC), mencion\u00f3 ante un auditorio repleto, que el papel de los formadores en los hogares es trascendental y por ello es necesario que reflexionen sobre el quehacer diario con sus hijos, ya que de esta manera es posible proveerles de los elementos necesarios para forjarlos como personas de bien.<\/p>\n<p>&#8220;El ejemplo de una madre, de un padre, marca para siempre, por eso es importante que volteemos a ver c\u00f3mo estamos haciendo nuestra labor; por eso en el sector educativo estamos trabajando para ayudarlos con esta tarea que no es f\u00e1cil; el trabajo que desde la escuela se hace, desarrollando el conocimiento de los alumnos, siempre va a necesitar que se trabaje arm\u00f3nicamente, es un engranaje entre familia y escuela, para forjar lo m\u00e1s importante que es el desarrollo socioemocional de sus hijos, y si esto lo logramos, tengan por seguro que ellos ser\u00e1n capaces de afrontar y lograr cualquier meta que se propongan\u201d, apunt\u00f3.<\/p>\n<p>En este mismo sentido, Medina Farf\u00e1n, destac\u00f3 el inter\u00e9s del gobernador del Estado, Alejandro Moreno C\u00e1rdenas y su esposa, la titular del Sistema DIF Estatal, Christelle Casta\u00f1\u00f3n de Moreno, para fortalecer estos proyectos, que sin duda precis\u00f3, permiten beneficiar a las familias campechanas con herramientas y alternativas para consolidar n\u00facleos familiares s\u00f3lidos.<\/p>\n<p>Es importante se\u00f1alar que est\u00e1 actividad, que tuvo una duraci\u00f3n de un d\u00eda, dio inicio con la conferencia magistral \u201cEduca No Lastimes\u201d a cargo del reconocido pedagogo Vidal Schmill, a trav\u00e9s de la cual se proporcion\u00f3 a los asistentes, estrategias para mejorar la efectividad, al educar a sus hijos en un marco de no violencia.<br \/>De igual manera, los presentes tuvieron la oportunidad de participar en los 21 talleres que se proporcionaron, los cuales estaban enfocados en abordar tem\u00e1ticas como el acoso escolar, adicciones, nuevas tecnolog\u00edas, soluci\u00f3n pac\u00edfica de conflictos, prevenci\u00f3n del abuso sexual, entre otros m\u00e1s.<\/p>\n","protected":false},"excerpt":{"rendered":"<p>Secretario de Educaci\u00f3n inaugur\u00f3 el 10\u00b0 Encuentro de Padres de Familia<\/p>\n","protected":false},"author":1018,"featured_media":0,"comment_status":"open","ping_status":"open","sticky":false,"template":"","format":"standard","meta":{"tdm_status":"","tdm_grid_status":"","footnotes":""},"categories":[27],"tags":[],"_links":{"self":[{"href":"https:\/\/dralvarez.com.mx\/larevista\/wp-json\/wp\/v2\/posts\/70603"}],"collection":[{"href":"https:\/\/dralvarez.com.mx\/larevista\/wp-json\/wp\/v2\/posts"}],"about":[{"href":"https:\/\/dralvarez.com.mx\/larevista\/wp-json\/wp\/v2\/types\/post"}],"author":[{"embeddable":true,"href":"https:\/\/dralvarez.com.mx\/larevista\/wp-json\/wp\/v2\/users\/1018"}],"replies":[{"embeddable":true,"href":"https:\/\/dralvarez.com.mx\/larevista\/wp-json\/wp\/v2\/comments?post=70603"}],"version-history":[{"count":0,"href":"https:\/\/dralvarez.com.mx\/larevista\/wp-json\/wp\/v2\/posts\/70603\/revisions"}],"wp:attachment":[{"href":"https:\/\/dralvarez.com.mx\/larevista\/wp-json\/wp\/v2\/media?parent=70603"}],"wp:term":[{"taxonomy":"category","embeddable":true,"href":"https:\/\/dralvarez.com.mx\/larevista\/wp-json\/wp\/v2\/categories?post=70603"},{"taxonomy":"post_tag","embeddable":true,"href":"https:\/\/dralvarez.com.mx\/larevista\/wp-json\/wp\/v2\/tags?post=70603"}],"curies":[{"name":"wp","href":"https:\/\/api.w.org\/{rel}","templated":true}]}}