{"id":70590,"date":"2018-10-25T00:00:00","date_gmt":"2018-10-25T06:00:00","guid":{"rendered":"https:\/\/dralvarez.com.mx\/larevista\/blog\/autor-del-libro-emprendedor-10-imparte-conferencia-a-empresarios-y-emprendedores-campechanos-30726"},"modified":"2018-10-25T00:00:00","modified_gmt":"2018-10-25T06:00:00","slug":"autor-del-libro-emprendedor-10-imparte-conferencia-a-empresarios-y-emprendedores-campechanos-30726","status":"publish","type":"post","link":"https:\/\/dralvarez.com.mx\/larevista\/compeche\/autor-del-libro-emprendedor-10-imparte-conferencia-a-empresarios-y-emprendedores-campechanos-30726","title":{"rendered":"Autor del libro emprendedor 10% imparte conferencia a empresarios y emprendedores campechanos"},"content":{"rendered":"<p>Con la participaci\u00f3n de emprendedores y empresarios campechanos, se desarroll\u00f3 la conferencia de emprendimiento, innovaci\u00f3n, tendencias y colaboraci\u00f3n internacional, a cargo de Patrick J. McGinnis, autor del libro Emprendedor 10%.<\/p>\n<p>En representaci\u00f3n del titular de la Secretar\u00eda de Desarrollo Econ\u00f3mico (SEDECO), Jos\u00e9 Berzunza Esp\u00ednola, el director del Instituto Campechano del Emprendedor (ICEM),Alfonso L\u00f3pez Cruz, explic\u00f3 que la experiencia de McGinnis en Am\u00e9rica Latina y el mundo, desarrolla y fomenta m\u00e1s la cultura emprendedora en la regi\u00f3n.<\/p>\n<p>Es un capitalista de riesgo e inversionista de capital privado que fund\u00f3 Dirigo Advisors, para brindar asesoramiento estrat\u00e9gico a inversores, empresarios y empresas de r\u00e1pido crecimiento, ha  trabajado en una variedad de entornos, desde la creaci\u00f3n de nuevas empresas desde cero, ponder\u00f3.<\/p>\n<p>Por su parte, Patrick J. McGinnis, se\u00f1al\u00f3 que distribuir las actividades y el tiempo facilita al momento de querer emprender y desarrollar una idea de negocio, as\u00ed como la importancia de identificar bien el proyecto de emprendimiento y administrar los recursos para hacerlo realidad.<\/p>\n<p>Con tan s\u00f3lo 10% de tu tiempo y tus recursos, podr\u00e1s ser un emprendedor sin perder tu estabilidad laboral, no necesitas tener millones en tus ahorros para convertirte en empresario, dijo.<\/p>\n<p>Para finalizar expres\u00f3 a los emprendedores y empresarios a que se atrevan a experimentar, que se capaciten y doten de herramientas porque es fundamental para concretar su idea de negocio, y tambi\u00e9n de este modo, son ejemplo para otras personas que a\u00fan no se arriesgan a emprender.<\/p>\n<p>Al evento tambi\u00e9n asistieron la c\u00f3nsul General de los Estados Unidos en M\u00e9rida, Courtney A. Beale, y el director del Instituto para el Desarrollo de la Micro, Peque\u00f1a y Mediana Empresa, (INDEMIPYME), Abraham Azar Lemus.<\/p>\n","protected":false},"excerpt":{"rendered":"<p>Brindar asesoramiento estrat\u00e9gico a inversores, empresarios y empresas de r\u00e1pido crecimiento<\/p>\n","protected":false},"author":1018,"featured_media":0,"comment_status":"open","ping_status":"open","sticky":false,"template":"","format":"standard","meta":{"tdm_status":"","tdm_grid_status":"","footnotes":""},"categories":[27],"tags":[],"_links":{"self":[{"href":"https:\/\/dralvarez.com.mx\/larevista\/wp-json\/wp\/v2\/posts\/70590"}],"collection":[{"href":"https:\/\/dralvarez.com.mx\/larevista\/wp-json\/wp\/v2\/posts"}],"about":[{"href":"https:\/\/dralvarez.com.mx\/larevista\/wp-json\/wp\/v2\/types\/post"}],"author":[{"embeddable":true,"href":"https:\/\/dralvarez.com.mx\/larevista\/wp-json\/wp\/v2\/users\/1018"}],"replies":[{"embeddable":true,"href":"https:\/\/dralvarez.com.mx\/larevista\/wp-json\/wp\/v2\/comments?post=70590"}],"version-history":[{"count":0,"href":"https:\/\/dralvarez.com.mx\/larevista\/wp-json\/wp\/v2\/posts\/70590\/revisions"}],"wp:attachment":[{"href":"https:\/\/dralvarez.com.mx\/larevista\/wp-json\/wp\/v2\/media?parent=70590"}],"wp:term":[{"taxonomy":"category","embeddable":true,"href":"https:\/\/dralvarez.com.mx\/larevista\/wp-json\/wp\/v2\/categories?post=70590"},{"taxonomy":"post_tag","embeddable":true,"href":"https:\/\/dralvarez.com.mx\/larevista\/wp-json\/wp\/v2\/tags?post=70590"}],"curies":[{"name":"wp","href":"https:\/\/api.w.org\/{rel}","templated":true}]}}