{"id":70589,"date":"2018-10-25T00:00:00","date_gmt":"2018-10-25T06:00:00","guid":{"rendered":"https:\/\/dralvarez.com.mx\/larevista\/blog\/se-registran-mas-de-500-estudiantes-a-la-convocatoria-becalos-media-superior-30725"},"modified":"2018-10-25T00:00:00","modified_gmt":"2018-10-25T06:00:00","slug":"se-registran-mas-de-500-estudiantes-a-la-convocatoria-becalos-media-superior-30725","status":"publish","type":"post","link":"https:\/\/dralvarez.com.mx\/larevista\/compeche\/se-registran-mas-de-500-estudiantes-a-la-convocatoria-becalos-media-superior-30725","title":{"rendered":"Se registran m\u00e1s de 500 estudiantes a la convocatoria b\u00e9calos media superior"},"content":{"rendered":"<p>Con un total de 558 registros cerr\u00f3 la convocatoria del Programa de becas B\u00e9calos Media Superior Ciclo Escolar 2018-2019 de la Fundaci\u00f3n Pablo Garc\u00eda (FPG) el pasado 21 de octubre, cuyos resultados se dar\u00e1n a conocer al pr\u00f3ximo 20 de noviembre, a trav\u00e9s de la p\u00e1gina oficial <a target=\"_blank\" rel=\"nofollow noopener\" href=\"http:\/\/www.fundacionpablogarcia.gob.mx\">www.fundacionpablogarcia.gob.mx<\/a>, inform\u00f3 el su director general, Jorge Esquivel Ruiz.<\/p>\n<p>Indic\u00f3 que este programa, convenido entre el Gobierno del Estado y la iniciativa privada, trav\u00e9s del Programa B\u00e9calos de Fundaci\u00f3n Televisa; estuvo abierto al tr\u00e1mite de inscripci\u00f3n en l\u00ednea desde el pasado 20 de septiembre y cerr\u00f3 el 21 de octubre, en el portal de la Fundaci\u00f3n Pablo Garc\u00eda, en donde tambi\u00e9n el pr\u00f3ximo 20 de noviembre podr\u00e1n consultar los resultados.<\/p>\n<p>Se\u00f1al\u00f3 que del total de 558 registros en la p\u00e1gina oficial de Internet, hasta el \u00faltimo corte realizado ayer 23 del presente mes y a\u00f1o, s\u00f3lo 216 interesados han concluido de forma satisfactoria el proceso de inscripci\u00f3n al entregar la documentaci\u00f3n solicitada en la bases de la convocatoria.<\/p>\n<p>Abund\u00f3 que de los 216 aspirantes cotejados, 40 provienen del Centro de Estudios Cient\u00edficos y Tecnol\u00f3gicos de Campeche (CECYTEC), 27 del colegio de Bachilleres de Campeche (COBACAM), 10 del Centro de Estudios Tecnol\u00f3gicos del Mar (CETMAR), 10 del Colegio Nacional de Educaci\u00f3n Profesional T\u00e9cnica (CONALEP), uno de la  Direcci\u00f3n General Educaci\u00f3n Tecnol\u00f3gica Agropecuaria (DGTA), 11 de la Direcci\u00f3n General Educaci\u00f3n Tecnol\u00f3gica Industrial (DGTI), 22 del Instituto Campechano (IC) y 95 de la Universidad Aut\u00f3noma de Campeche (UAC).<\/p>\n<p>El funcionario estatal record\u00f3 que en el Ciclo Escolar 2017- 018, se entregaron 272 becas a igual n\u00famero de estudiantes de bachillerato de toda la geograf\u00eda estatal, con recursos por un mill\u00f3n 968 mil pesos, provenientes del Estado y la iniciativa privada.<\/p>\n<p>Por \u00faltimo, Esquivel Ruiz enfatiz\u00f3 que para este Ciclo Escolar se tienen destinados cerca de dos millones de pesos para beneficiar  cifra similar a la anterior de estudiantes de nivel medio superior de la entidad, tanto de nuevo ingreso, como renovantes, que cumplan con los requisitos de la convocatoria de dicho programa.<\/p>\n","protected":false},"excerpt":{"rendered":"<p>Con un total de 558 registros cerr\u00f3 la convocatoria del Programa de becas B\u00e9calos Media Superior Ciclo Escolar 2018-2019 de la Fundaci\u00f3n Pablo Garc\u00eda<\/p>\n","protected":false},"author":1018,"featured_media":0,"comment_status":"open","ping_status":"open","sticky":false,"template":"","format":"standard","meta":{"tdm_status":"","tdm_grid_status":"","footnotes":""},"categories":[27],"tags":[],"_links":{"self":[{"href":"https:\/\/dralvarez.com.mx\/larevista\/wp-json\/wp\/v2\/posts\/70589"}],"collection":[{"href":"https:\/\/dralvarez.com.mx\/larevista\/wp-json\/wp\/v2\/posts"}],"about":[{"href":"https:\/\/dralvarez.com.mx\/larevista\/wp-json\/wp\/v2\/types\/post"}],"author":[{"embeddable":true,"href":"https:\/\/dralvarez.com.mx\/larevista\/wp-json\/wp\/v2\/users\/1018"}],"replies":[{"embeddable":true,"href":"https:\/\/dralvarez.com.mx\/larevista\/wp-json\/wp\/v2\/comments?post=70589"}],"version-history":[{"count":0,"href":"https:\/\/dralvarez.com.mx\/larevista\/wp-json\/wp\/v2\/posts\/70589\/revisions"}],"wp:attachment":[{"href":"https:\/\/dralvarez.com.mx\/larevista\/wp-json\/wp\/v2\/media?parent=70589"}],"wp:term":[{"taxonomy":"category","embeddable":true,"href":"https:\/\/dralvarez.com.mx\/larevista\/wp-json\/wp\/v2\/categories?post=70589"},{"taxonomy":"post_tag","embeddable":true,"href":"https:\/\/dralvarez.com.mx\/larevista\/wp-json\/wp\/v2\/tags?post=70589"}],"curies":[{"name":"wp","href":"https:\/\/api.w.org\/{rel}","templated":true}]}}