{"id":70587,"date":"2018-10-25T00:00:00","date_gmt":"2018-10-25T06:00:00","guid":{"rendered":"https:\/\/dralvarez.com.mx\/larevista\/blog\/entrega-secont-reconocimientos-a-participantes-del-xiii-concurso-nacional-de-transparencia-en-corto-30723"},"modified":"2018-10-25T00:00:00","modified_gmt":"2018-10-25T06:00:00","slug":"entrega-secont-reconocimientos-a-participantes-del-xiii-concurso-nacional-de-transparencia-en-corto-30723","status":"publish","type":"post","link":"https:\/\/dralvarez.com.mx\/larevista\/compeche\/entrega-secont-reconocimientos-a-participantes-del-xiii-concurso-nacional-de-transparencia-en-corto-30723","title":{"rendered":"Entrega SECONT reconocimientos a participantes del XIII concurso nacional de transparencia en corto"},"content":{"rendered":"<p>La Secretar\u00eda de la Contralor\u00eda del Gobierno del Estado (SECONT), en coordinaci\u00f3n con la Secretar\u00eda de la Funci\u00f3n P\u00fablica (SFP) y la Comisi\u00f3n Permanente de Contralores Estados-Federaci\u00f3n (CPCE-F), entreg\u00f3 reconocimientos a las y los j\u00f3venes participantes del XIII Concurso Nacional de Transparencia en Corto 2018.<\/p>\n<p>Con el tema \u201cAcciones Ciudadanas a favor de la Legalidad y la Transparencia\u201d, es un espacio de expresi\u00f3n en el que se incentiva la participaci\u00f3n de las y los j\u00f3venes en la cultura de la legalidad, fortalecimiento de la transparencia y rendici\u00f3n de cuentas por medio del combate a la corrupci\u00f3n.<\/p>\n<p>En ceremonia p\u00fablica el titular de la SECONT, Jos\u00e9 Rom\u00e1n Ruiz Carrillo, dio a conocer los trabajos que representar\u00e1n al Estado en el XIII Concurso Nacional de Transparencia en Corto 2018 y al mismo tiempo agradeci\u00f3 a los rectores de la Universidad Interamericana para el Desarrollo (UNID) y del Instituto de Estudios Superiores \u201cRen\u00e9 Descartes\u201d (ITES), por abrir sus puertas para la promoci\u00f3n de este concurso.<\/p>\n<p>Los cortometrajes que representar\u00e1n al Estado en la fase nacional que organiza la Comisi\u00f3n Permanente de Contralores Estados-Federaci\u00f3n son, \u201cLas tres caras de la moneda\u201d, de Carlos Eduardo Arellano Guzm\u00e1n, Kenia Hern\u00e1ndez Alamilla, Arturo King Torres y Cristopher Trinidad Arenas; \u201cHazle no a la corrupci\u00f3n\u201d, de Leonardo Ferrer; \u201cLa transparencia le toca a todos\u201d, de Eduardo Balmes Acosta, Mar\u00eda Ech\u00e1nove Pacheco, Ver\u00f3nica S\u00e1nchez Casanova y Carolina Tut Garc\u00eda; \u201cSaber lo que es justo y no hacer nada es la peor de las cobard\u00edas\u201d, de Sumiko Chan Villamonte, Laura Chim Noh y Alma Paola Borges Cohuo; y \u201cEstamos de pie\u201d, de Erick Alvarado Pech y Jorge Cahuich Lemus.<\/p>\n<p>As\u00ed como, \u201cNo hacer nada, tambi\u00e9n hace da\u00f1o\u201d, de Mar\u00eda Abad Moreno, Erick Chi Cervantes, Arantza Chan Archivor, Daniel Moo Cervera; \u201c\u00bfY t\u00fa qu\u00e9 har\u00edas?, de Miguel \u00c1ngel Roca, Samantha Rodr\u00edguez Bastos, Yanaly Romero Uc y Luis Moo \u00c1lvarez; \u201cEs cuesti\u00f3n de \u00e9tica\u201d, de Juan Castillo Castillo, Elizabeth Be Mendoza, Kevin Sonda V\u00e1zquez y Christoper Vera Ram\u00edrez; \u201cEsto tambi\u00e9n es corrupci\u00f3n\u201d, de Alejandra M\u00e9ndez M\u00e9ndez, Iris Piza Ort\u00edz, Mar\u00eda Jos\u00e9 Canul y Yaremi \u00c1lvarez Palma y \u201cCadenas de corrupci\u00f3n\u201d, de Abigail de Le\u00f3n Ortega, Erwin Su\u00e1rez y Cecilia Ch\u00e1vez.<\/p>\n<p>Finalmente, Ruiz Carrillo enfatiz\u00f3 que, con estas acciones, el Gobierno que encabeza Alejandro Moreno C\u00e1rdenas, genera espacios para que los j\u00f3venes se sumen de manera activa y creativa en la vivencia y fomento de los valores.<\/p>\n<p>Asistieron al acto protocolario, Jorge Esquivel Ruiz, Director General de la Fundaci\u00f3n Pablo Garc\u00eda; los Rectores de las Universidades referidas, los j\u00f3venes participantes y el personal directivo de la Secretar\u00eda de la Contralor\u00eda.<\/p>\n","protected":false},"excerpt":{"rendered":"<p>Se dio a conocer los trabajos que representar\u00e1n al Estado en el XIII Concurso Nacional de Transparencia en Corto 2018&#8230;<\/p>\n","protected":false},"author":1018,"featured_media":0,"comment_status":"open","ping_status":"open","sticky":false,"template":"","format":"standard","meta":{"tdm_status":"","tdm_grid_status":"","footnotes":""},"categories":[27],"tags":[],"_links":{"self":[{"href":"https:\/\/dralvarez.com.mx\/larevista\/wp-json\/wp\/v2\/posts\/70587"}],"collection":[{"href":"https:\/\/dralvarez.com.mx\/larevista\/wp-json\/wp\/v2\/posts"}],"about":[{"href":"https:\/\/dralvarez.com.mx\/larevista\/wp-json\/wp\/v2\/types\/post"}],"author":[{"embeddable":true,"href":"https:\/\/dralvarez.com.mx\/larevista\/wp-json\/wp\/v2\/users\/1018"}],"replies":[{"embeddable":true,"href":"https:\/\/dralvarez.com.mx\/larevista\/wp-json\/wp\/v2\/comments?post=70587"}],"version-history":[{"count":0,"href":"https:\/\/dralvarez.com.mx\/larevista\/wp-json\/wp\/v2\/posts\/70587\/revisions"}],"wp:attachment":[{"href":"https:\/\/dralvarez.com.mx\/larevista\/wp-json\/wp\/v2\/media?parent=70587"}],"wp:term":[{"taxonomy":"category","embeddable":true,"href":"https:\/\/dralvarez.com.mx\/larevista\/wp-json\/wp\/v2\/categories?post=70587"},{"taxonomy":"post_tag","embeddable":true,"href":"https:\/\/dralvarez.com.mx\/larevista\/wp-json\/wp\/v2\/tags?post=70587"}],"curies":[{"name":"wp","href":"https:\/\/api.w.org\/{rel}","templated":true}]}}