{"id":70586,"date":"2018-10-25T00:00:00","date_gmt":"2018-10-25T06:00:00","guid":{"rendered":"https:\/\/dralvarez.com.mx\/larevista\/blog\/alista-seduc-magno-desfile-por-el-mes-de-la-campechanidad-30722"},"modified":"2018-10-25T00:00:00","modified_gmt":"2018-10-25T06:00:00","slug":"alista-seduc-magno-desfile-por-el-mes-de-la-campechanidad-30722","status":"publish","type":"post","link":"https:\/\/dralvarez.com.mx\/larevista\/compeche\/alista-seduc-magno-desfile-por-el-mes-de-la-campechanidad-30722","title":{"rendered":"Alista SEDUC magno desfile por el mes de la Campechanidad"},"content":{"rendered":"<p>La Secretar\u00eda de Educaci\u00f3n del Estado (SEDUC), en el marco del \u201cMes de la Campechanidad\u201d, alista el cierre de actividades correspondientes al mes de octubre, asegur\u00f3 el subdirector de Investigaci\u00f3n y Desarrollo Educativo (SIDE) de la dependencia estatal, David Fern\u00e1ndez Dom\u00ednguez, quien se\u00f1al\u00f3 para finalizar estos festejos el pr\u00f3ximo 30 de octubre se realizar\u00e1 un magno desfile.<\/p>\n<p>El funcionario de la SEDUC indic\u00f3 que durante todo el mes se han ejecutado actividades y convocatorias en las que se involucraron alumnos de educaci\u00f3n b\u00e1sica y media superior y por ahora, ya se realiza la etapa final de estos festejos, en los que tambi\u00e9n se encuentran presentar a los ganadores del concurso de fotograf\u00eda, convocatoria que cerr\u00f3 el pasado 20 de octubre.<\/p>\n<p>Fern\u00e1ndez Dom\u00ednguez a\u00f1adi\u00f3 que el magno desfile de la Campechanidad se realizar\u00e1 por el malec\u00f3n de la ciudad donde ni\u00f1as, ni\u00f1os, docentes y autoridades educativas, presentar\u00e1n estampas tradicionales alusivas a Campeche y sus municipios, portar\u00e1n los trajes t\u00edpicos a fin de promover el amor por nuestras ra\u00edces y fomentar en los alumnos el amor por nuestra tierra.<\/p>\n<p>En este sentido, el subdirector del SIDE se\u00f1al\u00f3 que este derrotero se ha realizado con gran \u00e9xito a\u00f1o con a\u00f1o, y esta edici\u00f3n que ser\u00e1 alusiva a los 478 a\u00f1os de la fundaci\u00f3n de San Francisco de Campeche, se espera una gran participaci\u00f3n como a\u00f1os anteriores.<\/p>\n<p>Por \u00faltimo el funcionario de la SEDUC invit\u00f3 a la comunidad en general a participar en este magno evento que se realizar\u00e1 el martes 30 de octubre a partir de las 17:00 horas en la capital del Estado.<\/p>\n","protected":false},"excerpt":{"rendered":"<p>Se realizar\u00e1 el pr\u00f3ximo 30 de octubre<\/p>\n","protected":false},"author":1018,"featured_media":0,"comment_status":"open","ping_status":"open","sticky":false,"template":"","format":"standard","meta":{"tdm_status":"","tdm_grid_status":"","footnotes":""},"categories":[27],"tags":[],"_links":{"self":[{"href":"https:\/\/dralvarez.com.mx\/larevista\/wp-json\/wp\/v2\/posts\/70586"}],"collection":[{"href":"https:\/\/dralvarez.com.mx\/larevista\/wp-json\/wp\/v2\/posts"}],"about":[{"href":"https:\/\/dralvarez.com.mx\/larevista\/wp-json\/wp\/v2\/types\/post"}],"author":[{"embeddable":true,"href":"https:\/\/dralvarez.com.mx\/larevista\/wp-json\/wp\/v2\/users\/1018"}],"replies":[{"embeddable":true,"href":"https:\/\/dralvarez.com.mx\/larevista\/wp-json\/wp\/v2\/comments?post=70586"}],"version-history":[{"count":0,"href":"https:\/\/dralvarez.com.mx\/larevista\/wp-json\/wp\/v2\/posts\/70586\/revisions"}],"wp:attachment":[{"href":"https:\/\/dralvarez.com.mx\/larevista\/wp-json\/wp\/v2\/media?parent=70586"}],"wp:term":[{"taxonomy":"category","embeddable":true,"href":"https:\/\/dralvarez.com.mx\/larevista\/wp-json\/wp\/v2\/categories?post=70586"},{"taxonomy":"post_tag","embeddable":true,"href":"https:\/\/dralvarez.com.mx\/larevista\/wp-json\/wp\/v2\/tags?post=70586"}],"curies":[{"name":"wp","href":"https:\/\/api.w.org\/{rel}","templated":true}]}}