{"id":70584,"date":"2018-10-25T00:00:00","date_gmt":"2018-10-25T06:00:00","guid":{"rendered":"https:\/\/dralvarez.com.mx\/larevista\/blog\/curso-taller-yo-servidor-publico-30720"},"modified":"2018-10-25T00:00:00","modified_gmt":"2018-10-25T06:00:00","slug":"curso-taller-yo-servidor-publico-30720","status":"publish","type":"post","link":"https:\/\/dralvarez.com.mx\/larevista\/compeche\/curso-taller-yo-servidor-publico-30720","title":{"rendered":"Curso-taller \u201cyo, servidor p\u00fablico\u201d"},"content":{"rendered":"<p>El Instituto de Desarrollo y Formaci\u00f3n Social del Estado, (INDEFOS), que preside Gibr\u00e1n Burad Abud, llev\u00f3 a cabo en la tele aula de la Promotora para la Conservaci\u00f3n y Desarrollo Sustentable del Estado de Campeche, Ximbal, el curso-taller \u201cYo, Servidor P\u00fablico\u201d, dirigido a un grupo aproximado de 15 servidores colaboradores de esa instituci\u00f3n.<\/p>\n<p>La finalidad es que los servidores p\u00fablicos identifiquen el compromiso que se requiere para integrar la prestaci\u00f3n de un servicio eficiente, siendo aptos para aplicar sus habilidades, seg\u00fan los principios del proceso de atenci\u00f3n ciudadana y mantener buena relaci\u00f3n entre el usuario y el funcionario, consiguiendo con ello la actitud que refleje profesionalismo y calidez para mejorar la atenci\u00f3n hacia los ciudadanos.<\/p>\n<p>Al t\u00e9rmino del taller el Director General de la Promotora para la Conservaci\u00f3n y Desarrollo Sustentable, V\u00edctor Arturo Pinelo Herrera, hizo entrega de los reconocimientos a servidores p\u00fablicos que participaron.<\/p>\n","protected":false},"excerpt":{"rendered":"<p>Se  llev\u00f3 a cabo en la tele aula de la Promotora para la Conservaci\u00f3n y Desarrollo Sustentable del Estado de Campeche, Ximbal, el curso-taller \u201cYo, Se<\/p>\n","protected":false},"author":1018,"featured_media":0,"comment_status":"open","ping_status":"open","sticky":false,"template":"","format":"standard","meta":{"tdm_status":"","tdm_grid_status":"","footnotes":""},"categories":[27],"tags":[],"_links":{"self":[{"href":"https:\/\/dralvarez.com.mx\/larevista\/wp-json\/wp\/v2\/posts\/70584"}],"collection":[{"href":"https:\/\/dralvarez.com.mx\/larevista\/wp-json\/wp\/v2\/posts"}],"about":[{"href":"https:\/\/dralvarez.com.mx\/larevista\/wp-json\/wp\/v2\/types\/post"}],"author":[{"embeddable":true,"href":"https:\/\/dralvarez.com.mx\/larevista\/wp-json\/wp\/v2\/users\/1018"}],"replies":[{"embeddable":true,"href":"https:\/\/dralvarez.com.mx\/larevista\/wp-json\/wp\/v2\/comments?post=70584"}],"version-history":[{"count":0,"href":"https:\/\/dralvarez.com.mx\/larevista\/wp-json\/wp\/v2\/posts\/70584\/revisions"}],"wp:attachment":[{"href":"https:\/\/dralvarez.com.mx\/larevista\/wp-json\/wp\/v2\/media?parent=70584"}],"wp:term":[{"taxonomy":"category","embeddable":true,"href":"https:\/\/dralvarez.com.mx\/larevista\/wp-json\/wp\/v2\/categories?post=70584"},{"taxonomy":"post_tag","embeddable":true,"href":"https:\/\/dralvarez.com.mx\/larevista\/wp-json\/wp\/v2\/tags?post=70584"}],"curies":[{"name":"wp","href":"https:\/\/api.w.org\/{rel}","templated":true}]}}