{"id":70583,"date":"2018-10-25T00:00:00","date_gmt":"2018-10-25T06:00:00","guid":{"rendered":"https:\/\/dralvarez.com.mx\/larevista\/blog\/realiza-sdr-acciones-de-extensionismo-apicola-30719"},"modified":"2018-10-25T00:00:00","modified_gmt":"2018-10-25T06:00:00","slug":"realiza-sdr-acciones-de-extensionismo-apicola-30719","status":"publish","type":"post","link":"https:\/\/dralvarez.com.mx\/larevista\/compeche\/realiza-sdr-acciones-de-extensionismo-apicola-30719","title":{"rendered":"Realiza SDR acciones de extensionismo ap\u00edcola"},"content":{"rendered":"<p>Dirigido a fomentar la participaci\u00f3n directa del productor, con  innovaciones tecnol\u00f3gicas, t\u00e9cnicas,  agricultura sustentable y la utilizaci\u00f3n de control biol\u00f3gico de plagas, se realiz\u00f3 evento demostrativo ap\u00edcola en el marco de  las Jornadas de Extensionismo e Innovaci\u00f3n Tecnol\u00f3gica en Champot\u00f3n que reuni\u00f3 a m\u00e1s de 200 apicultores.<\/p>\n<p>El titular de la Secretar\u00eda de Desarrollo Rural (SDR), Ignacio Espa\u00f1a Novelo explic\u00f3 que en esta jornada de capacitaci\u00f3n realizada en la comunidad de Pustunich del municipio de Champot\u00f3n se entregaron certificados de buenas pr\u00e1cticas y 600 \u00e1rboles de moringa a productores ap\u00edcolas que recibieron capacitaci\u00f3n sobre nuevas tecnolog\u00edas de producci\u00f3n de miel y se informaron sobre los avances registrados en esta materia.<\/p>\n<p>Adem\u00e1s, signific\u00f3 la entrega de apoyos en el Programa de Concurrencia a productores entre las que destacan: picadoras de forraje, dep\u00f3sitos de agua, motobombas, manguera para conducci\u00f3n de agua que coadyuvar\u00e1 a mejorar las actividades que desarrollan en el campo.<\/p>\n<p>Destac\u00f3 que en 2017 las Jornadas de Extensi\u00f3n e Innovaci\u00f3n Tecnol\u00f3gica se efectuaron en los 11 municipios con la participaci\u00f3n de cinco mil 500 productores.<\/p>\n<p>El funcionario estatal, dijo que una de las vertientes de este programa es la cercan\u00eda con los productores y el seguimiento a la capacitaci\u00f3n, hasta la aplicaci\u00f3n en su actividad productiva con el incremento a su producci\u00f3n y por ende a su actividad econ\u00f3mica, que es una de las instrucciones del gobernador del Estado, Alejandro Moreno C\u00e1rdenas.<\/p>\n<p>Cabe resaltar que los extensionistas se mantienen en campo los siete d\u00edas de la semana, en las cadenas productivas de granos, ap\u00edcola, pecuaria, horticultura y sanidades en cada una de las comunidades asignadas.<\/p>\n<p>Asistieron el director de Apicultura de la SDR, \u00d3scar Romero Rojas; el coordinador de Direcciones Regionales, Abid Moo Cruz y productores ap\u00edcolas de la regi\u00f3n de Champot\u00f3n, Sabancuy, Carmen y Esc\u00e1rcega<\/p>\n","protected":false},"excerpt":{"rendered":"<p>En 2017 las Jornadas de Extensi\u00f3n e Innovaci\u00f3n Tecnol\u00f3gica se efectuaron en los 11 municipios con la participaci\u00f3n de cinco mil 500 productores.<\/p>\n","protected":false},"author":1018,"featured_media":0,"comment_status":"open","ping_status":"open","sticky":false,"template":"","format":"standard","meta":{"tdm_status":"","tdm_grid_status":"","footnotes":""},"categories":[27],"tags":[],"_links":{"self":[{"href":"https:\/\/dralvarez.com.mx\/larevista\/wp-json\/wp\/v2\/posts\/70583"}],"collection":[{"href":"https:\/\/dralvarez.com.mx\/larevista\/wp-json\/wp\/v2\/posts"}],"about":[{"href":"https:\/\/dralvarez.com.mx\/larevista\/wp-json\/wp\/v2\/types\/post"}],"author":[{"embeddable":true,"href":"https:\/\/dralvarez.com.mx\/larevista\/wp-json\/wp\/v2\/users\/1018"}],"replies":[{"embeddable":true,"href":"https:\/\/dralvarez.com.mx\/larevista\/wp-json\/wp\/v2\/comments?post=70583"}],"version-history":[{"count":0,"href":"https:\/\/dralvarez.com.mx\/larevista\/wp-json\/wp\/v2\/posts\/70583\/revisions"}],"wp:attachment":[{"href":"https:\/\/dralvarez.com.mx\/larevista\/wp-json\/wp\/v2\/media?parent=70583"}],"wp:term":[{"taxonomy":"category","embeddable":true,"href":"https:\/\/dralvarez.com.mx\/larevista\/wp-json\/wp\/v2\/categories?post=70583"},{"taxonomy":"post_tag","embeddable":true,"href":"https:\/\/dralvarez.com.mx\/larevista\/wp-json\/wp\/v2\/tags?post=70583"}],"curies":[{"name":"wp","href":"https:\/\/api.w.org\/{rel}","templated":true}]}}