{"id":70528,"date":"2018-10-23T00:00:00","date_gmt":"2018-10-23T06:00:00","guid":{"rendered":"https:\/\/dralvarez.com.mx\/larevista\/blog\/invita-seduc-a-participar-en-el-10-encuentro-estatal-de-padres-de-familia-30659"},"modified":"2018-10-23T00:00:00","modified_gmt":"2018-10-23T06:00:00","slug":"invita-seduc-a-participar-en-el-10-encuentro-estatal-de-padres-de-familia-30659","status":"publish","type":"post","link":"https:\/\/dralvarez.com.mx\/larevista\/compeche\/invita-seduc-a-participar-en-el-10-encuentro-estatal-de-padres-de-familia-30659","title":{"rendered":"Invita SEDUC a participar en el 10\u00b0 encuentro estatal de padres de familia"},"content":{"rendered":"<p>Ser\u00e1 este pr\u00f3ximo jueves 25 de octubre, que la Secretar\u00eda de Educaci\u00f3n del Estado (SEDUC), realice el 10\u00b0 Encuentro Estatal de Padres de Familia \u201cFortaleciendo Familias para Crecer y Ser Felices\u201d, por lo que la dependencia estatal invit\u00f3 a madres, padres de familia, tutores, y comunidad en general, a participar en este magno evento, mismo que facilitar\u00e1 a sus asistentes elementos adecuados que permitan robustecer y mejorar sus esquemas de comunicaci\u00f3n familiar y afectiva.<\/p>\n<p>La coordinadora de Participaci\u00f3n Social de la SEDUC, Lidia Berr\u00f3n Osorno, explic\u00f3 que esta actividad se desarrollar\u00e1 en el Centro de Convenciones y Exposiciones \u201cCampeche XXI\u201d e iniciar\u00e1 partir de las 8:00 hasta las 20:00 horas.<\/p>\n<p>Detall\u00f3 que este encuentro contar\u00e1 con dos magnas conferencias a cargo del pedagogo Vidal Schmill Herrera, as\u00ed como 21 talleres vivenciales y obras de teatro impartidas por psic\u00f3logos especialistas de diferentes instituciones del Estado.<\/p>\n<p>\u201cActualmente existe una brecha generacional con nuestros hijos, por eso es importante que desde el sector educativo se promuevan acciones que contribuyan a disminuir esto entre los alumnos y sus padres, y fortificar su relaci\u00f3n; sabemos que s\u00f3lo as\u00ed se formar\u00e1n ni\u00f1as, ni\u00f1os y j\u00f3venes felices, sanos, que repercuta positivamente en los centros escolares, impulsando ambientes sanos\u201d, expreso.<\/p>\n<p>La funcionaria se\u00f1al\u00f3 que el encuentro est\u00e1 enfocado en el fortalecimiento integral de los padres de familia y tutores, con el objetivo de que, a trav\u00e9s de las diversas acciones, se coadyuve en mejorar la labor con sus hijos, afianzar los lazos afectivos con ellos y de estar manera, generar y mantener entornos sanos en las escuelas y en la comunidad.<\/p>\n<p>Agreg\u00f3 que dentro de los temas trascendentales a atender se encuentran:  manejo de autoestima; soluci\u00f3n asertiva y creativa de problemas; comunicaci\u00f3n efectiva; prevenci\u00f3n en situaciones de bullying; adicciones; acoso escolar; violencia familiar; disciplina y l\u00edmites, por mencionar algunos.<\/p>\n<p>En este sentido, invit\u00f3 a la sociedad a que sean part\u00edcipes de este importante evento, se\u00f1al\u00f3 que la entrada es libre por lo que podr\u00e1n acudir al Centro de Convenciones y participar en beneficio de sus familias.<\/p>\n","protected":false},"excerpt":{"rendered":"<p>Se realizar\u00e1 este 25 de octubre<\/p>\n","protected":false},"author":1018,"featured_media":0,"comment_status":"open","ping_status":"open","sticky":false,"template":"","format":"standard","meta":{"tdm_status":"","tdm_grid_status":"","footnotes":""},"categories":[27],"tags":[],"_links":{"self":[{"href":"https:\/\/dralvarez.com.mx\/larevista\/wp-json\/wp\/v2\/posts\/70528"}],"collection":[{"href":"https:\/\/dralvarez.com.mx\/larevista\/wp-json\/wp\/v2\/posts"}],"about":[{"href":"https:\/\/dralvarez.com.mx\/larevista\/wp-json\/wp\/v2\/types\/post"}],"author":[{"embeddable":true,"href":"https:\/\/dralvarez.com.mx\/larevista\/wp-json\/wp\/v2\/users\/1018"}],"replies":[{"embeddable":true,"href":"https:\/\/dralvarez.com.mx\/larevista\/wp-json\/wp\/v2\/comments?post=70528"}],"version-history":[{"count":0,"href":"https:\/\/dralvarez.com.mx\/larevista\/wp-json\/wp\/v2\/posts\/70528\/revisions"}],"wp:attachment":[{"href":"https:\/\/dralvarez.com.mx\/larevista\/wp-json\/wp\/v2\/media?parent=70528"}],"wp:term":[{"taxonomy":"category","embeddable":true,"href":"https:\/\/dralvarez.com.mx\/larevista\/wp-json\/wp\/v2\/categories?post=70528"},{"taxonomy":"post_tag","embeddable":true,"href":"https:\/\/dralvarez.com.mx\/larevista\/wp-json\/wp\/v2\/tags?post=70528"}],"curies":[{"name":"wp","href":"https:\/\/api.w.org\/{rel}","templated":true}]}}