{"id":70527,"date":"2018-10-23T00:00:00","date_gmt":"2018-10-23T06:00:00","guid":{"rendered":"https:\/\/dralvarez.com.mx\/larevista\/blog\/clausuran-curso-de-autoempleo-en-la-direccion-de-atencion-integral-al-adulto-mayor-30658"},"modified":"2018-10-23T00:00:00","modified_gmt":"2018-10-23T06:00:00","slug":"clausuran-curso-de-autoempleo-en-la-direccion-de-atencion-integral-al-adulto-mayor-30658","status":"publish","type":"post","link":"https:\/\/dralvarez.com.mx\/larevista\/compeche\/clausuran-curso-de-autoempleo-en-la-direccion-de-atencion-integral-al-adulto-mayor-30658","title":{"rendered":"Clausuran curso de autoempleo en la direcci\u00f3n de atenci\u00f3n integral al adulto mayor"},"content":{"rendered":"<p>Como parte de las acciones a favor de la inclusi\u00f3n laboral de los grupos vulnerables, en especial de los adultos mayores, la Secretar\u00eda de Trabajo y Previsi\u00f3n Social del Estado de Campeche (STPSCAM) a trav\u00e9s del Servicio Nacional de Empleo (SNE), llev\u00f3 a cabo la clausura y entrega de Constancias a beneficiarios del Curso de Capacitaci\u00f3n \u201cHorticultura\u201d del Subprograma \u201cB\u00e9cate\u201d en la modalidad de Capacitaci\u00f3n para el Autoempleo.<\/p>\n<p>Dicho curso se realiz\u00f3 en coordinaci\u00f3n con la Secretar\u00eda de Desarrollo Social y Humano del Estado de Campeche (SEDESYH), el Sistema DIF Estatal, la Direcci\u00f3n de Atenci\u00f3n Integral al Adulto Mayor, la Secretar\u00eda de Desarrollo Rural (SDR) y el Centro de Capacitaci\u00f3n para el Trabajo No. 40.<\/p>\n<p>En la clausura, Jorge Radam\u00e9s Romero Bock, Titular de la STPSCAM, acompa\u00f1ado de Pedro Arment\u00eda L\u00f3pez, Secretario de Desarrollo Social y Humano, destac\u00f3 la importancia de realizar actividades de capacitaci\u00f3n que permitan a la poblaci\u00f3n vulnerable capacitarse, y alentar la participaci\u00f3n de los adultos mayores en procesos de reinserci\u00f3n productivos y sociales.<\/p>\n<p>Exhort\u00f3 a los participantes a sentirse orgullosos de lo aprendido a trav\u00e9s del Programa B\u00e9cate y los alent\u00f3 a continuar en una actividad productiva y a cambiar las actitudes, como lo ha expresado el titular del Ejecutivo del Estado Alejandro Moreno C\u00e1rdenas a todos los campechanos.<\/p>\n<p>A trav\u00e9s del Servicio Nacional de Empleo Campeche, se desarrolla la capacitaci\u00f3n para el autoempleo que est\u00e1 orientada para que los solicitantes que no han logrado colocarse a un puesto de trabajo, fortalezcan sus habilidades laborales y tengan como alternativa desarrollar una actividad productiva por cuenta propia.<\/p>\n<p>Dicho curso se llev\u00f3 a cabo en las instalaciones de la Direcci\u00f3n de Atenci\u00f3n Integral al Adulto Mayor, participaron 25 personas y se ejerci\u00f3 una inversi\u00f3n de 67 mil 580 pesos.<\/p>\n<p>Estuvieron presentes, los directores de Atenci\u00f3n Integral al Adulto Mayor; Liliana Rendis Buenfil; del CECATI No. 40, Elda Crisanti Rosado; de Fomento de Especies Mayores de SDR, Adib Olvera Yabur y del SNE Campeche, Pedro S\u00e1nchez Guerrero.<\/p>\n","protected":false},"excerpt":{"rendered":"<p>Clausura y entrega de Constancias a beneficiarios del Curso de Capacitaci\u00f3n \u201cHorticultura\u201d del Subprograma \u201cB\u00e9cate\u201d en la modalidad de Capacitaci\u00f3n pa<\/p>\n","protected":false},"author":1018,"featured_media":0,"comment_status":"open","ping_status":"open","sticky":false,"template":"","format":"standard","meta":{"tdm_status":"","tdm_grid_status":"","footnotes":""},"categories":[27],"tags":[],"_links":{"self":[{"href":"https:\/\/dralvarez.com.mx\/larevista\/wp-json\/wp\/v2\/posts\/70527"}],"collection":[{"href":"https:\/\/dralvarez.com.mx\/larevista\/wp-json\/wp\/v2\/posts"}],"about":[{"href":"https:\/\/dralvarez.com.mx\/larevista\/wp-json\/wp\/v2\/types\/post"}],"author":[{"embeddable":true,"href":"https:\/\/dralvarez.com.mx\/larevista\/wp-json\/wp\/v2\/users\/1018"}],"replies":[{"embeddable":true,"href":"https:\/\/dralvarez.com.mx\/larevista\/wp-json\/wp\/v2\/comments?post=70527"}],"version-history":[{"count":0,"href":"https:\/\/dralvarez.com.mx\/larevista\/wp-json\/wp\/v2\/posts\/70527\/revisions"}],"wp:attachment":[{"href":"https:\/\/dralvarez.com.mx\/larevista\/wp-json\/wp\/v2\/media?parent=70527"}],"wp:term":[{"taxonomy":"category","embeddable":true,"href":"https:\/\/dralvarez.com.mx\/larevista\/wp-json\/wp\/v2\/categories?post=70527"},{"taxonomy":"post_tag","embeddable":true,"href":"https:\/\/dralvarez.com.mx\/larevista\/wp-json\/wp\/v2\/tags?post=70527"}],"curies":[{"name":"wp","href":"https:\/\/api.w.org\/{rel}","templated":true}]}}