{"id":70481,"date":"2018-10-22T00:00:00","date_gmt":"2018-10-22T06:00:00","guid":{"rendered":"https:\/\/dralvarez.com.mx\/larevista\/blog\/gobernador-amc-preside-ceremonia-para-honrar-a-heroes-del-21-de-abril-de-1914-30608"},"modified":"2018-10-22T00:00:00","modified_gmt":"2018-10-22T06:00:00","slug":"gobernador-amc-preside-ceremonia-para-honrar-a-heroes-del-21-de-abril-de-1914-30608","status":"publish","type":"post","link":"https:\/\/dralvarez.com.mx\/larevista\/compeche\/gobernador-amc-preside-ceremonia-para-honrar-a-heroes-del-21-de-abril-de-1914-30608","title":{"rendered":"Gobernador AMC preside ceremonia para honrar a h\u00e9roes del 21 de abril de 1914"},"content":{"rendered":"<p>El gobernador Alejandro Moreno C\u00e1rdenas, acompa\u00f1ado del comandante de la Tercera Regi\u00f3n Naval, Enrique Genaro Padilla \u00c1vila, encabez\u00f3 en el Obelisco a los Marinos, un homenaje en memoria de los h\u00e9roes de la Gesta Heroica del 21 de abril de 1914.<\/p>\n<p>Durante la ceremonia, realizada en el marco de la LVI Asamblea General Ordinaria de la Escuela Naval Militar que se realiza en esta ciudad, el mandatario deposit\u00f3 una ofrenda floral y mont\u00f3 guardia de honor al pie del obelisco erigido a los marinos que han perdido la vida en cumplimiento de su deber.<\/p>\n<p>En tanto, el  capit\u00e1n de nav\u00edo Juan Arturo Tiburcio Azcuaga, encargado de pronunciar el discurso oficial, destac\u00f3 que el teniente Jos\u00e9 Azueta y el cadete Virgilio Uribe dejaron un legado de honor, lealtad y valor al resistir con determinaci\u00f3n y hero\u00edsmo el ataque perpetrado por el invasor ej\u00e9rcito estadounidense, en el puerto de Veracruz  el 21 de abril de 1914.<\/p>\n<p>\u201cEl d\u00eda de hoy nos hemos reunido en este monumento para conmemorar con orgullo la vocaci\u00f3n de independencia y de soberan\u00eda del pueblo mexicano, de igual manera para rendir homenaje a nuestros h\u00e9roes, valientes mexicanos que acudieron al llamado de la patria, demostrando cabal determinaci\u00f3n para regir su propio destino y escribir con su sangre las p\u00e1ginas de la historia nacional\u201d, se\u00f1al\u00f3.<\/p>\n<p>En el evento, estudiantes del Tecnol\u00f3gico del Mar, Adolfina Mayte Dzul Chi y Nah\u00edn Acevedo Mart\u00ednez, declamaron la poes\u00eda titulada \u201c21 de abril; se dio lectura a los nombres de los tenientes y cadetes de la Heroica Escuela Naval Militar y del Heroico Colegio Militar que combatieron hace 104 a\u00f1os en el puerto de Veracruz; la Banda Sinf\u00f3nica y Coro de la Secretar\u00eda de Marina toc\u00f3 la pieza musical Marinos Mexicanos y se entonaron los himnos Nacional y Campechano.<\/p>\n<p>Estuvieron presentes en la ceremonia, el secretario y el director de Acci\u00f3n Social de la Asociaci\u00f3n de la Heroica Escuela Naval Militar, Arturo Ram\u00f3n Bosc\u00f3 Romero y Armando Garc\u00eda Rodr\u00edguez, respectivamente; el comandante del sector Naval de Champot\u00f3n, Roberto Alarc\u00f3n Santana y el jefe del Estado Mayor de la 33\u00aa Zona Militar, Cuauht\u00e9moc Eduardo Ruiz Ayala.<\/p>\n","protected":false},"excerpt":{"rendered":"<p>Homenaje en memoria de los h\u00e9roes de la Gesta Heroica del 21 de abril de 1914.<\/p>\n","protected":false},"author":1018,"featured_media":0,"comment_status":"open","ping_status":"open","sticky":false,"template":"","format":"standard","meta":{"tdm_status":"","tdm_grid_status":"","footnotes":""},"categories":[27],"tags":[],"_links":{"self":[{"href":"https:\/\/dralvarez.com.mx\/larevista\/wp-json\/wp\/v2\/posts\/70481"}],"collection":[{"href":"https:\/\/dralvarez.com.mx\/larevista\/wp-json\/wp\/v2\/posts"}],"about":[{"href":"https:\/\/dralvarez.com.mx\/larevista\/wp-json\/wp\/v2\/types\/post"}],"author":[{"embeddable":true,"href":"https:\/\/dralvarez.com.mx\/larevista\/wp-json\/wp\/v2\/users\/1018"}],"replies":[{"embeddable":true,"href":"https:\/\/dralvarez.com.mx\/larevista\/wp-json\/wp\/v2\/comments?post=70481"}],"version-history":[{"count":0,"href":"https:\/\/dralvarez.com.mx\/larevista\/wp-json\/wp\/v2\/posts\/70481\/revisions"}],"wp:attachment":[{"href":"https:\/\/dralvarez.com.mx\/larevista\/wp-json\/wp\/v2\/media?parent=70481"}],"wp:term":[{"taxonomy":"category","embeddable":true,"href":"https:\/\/dralvarez.com.mx\/larevista\/wp-json\/wp\/v2\/categories?post=70481"},{"taxonomy":"post_tag","embeddable":true,"href":"https:\/\/dralvarez.com.mx\/larevista\/wp-json\/wp\/v2\/tags?post=70481"}],"curies":[{"name":"wp","href":"https:\/\/api.w.org\/{rel}","templated":true}]}}