{"id":70444,"date":"2018-10-22T00:00:00","date_gmt":"2018-10-22T06:00:00","guid":{"rendered":"https:\/\/dralvarez.com.mx\/larevista\/blog\/conmemoracion-del-dia-internacional-de-la-lucha-contra-el-cancer-de-mama-en-champoton-30569"},"modified":"2018-10-22T00:00:00","modified_gmt":"2018-10-22T06:00:00","slug":"conmemoracion-del-dia-internacional-de-la-lucha-contra-el-cancer-de-mama-en-champoton-30569","status":"publish","type":"post","link":"https:\/\/dralvarez.com.mx\/larevista\/compeche\/conmemoracion-del-dia-internacional-de-la-lucha-contra-el-cancer-de-mama-en-champoton-30569","title":{"rendered":"Conmemoraci\u00f3n del d\u00eda internacional de la lucha contra el c\u00e1ncer de mama en Champot\u00f3n"},"content":{"rendered":"<p>En el marco de las actividades por el D\u00eda Internacional de la Lucha contra el C\u00e1ncer de Mama, la directora general del Instituto de la Mujer del Estado de Campeche (IMEC), Adriana del Pilar Ortiz Lanz, realiz\u00f3 gira de trabajo en el municipio de Champot\u00f3n.<\/p>\n<p>Iniciando con la ofrenda floral, en el Parque de las Madres, acompa\u00f1ada por el alcalde de Champot\u00f3n, Daniel Martin Le\u00f3n Cruz y de la presidenta del Patronato del Sistema DIF Champot\u00f3n, Er\u00e9ndira del Valle de Le\u00f3n, la titular del IMEC se pronunci\u00f3 a favor de la vida y la salud.<\/p>\n<p>Posteriormente continu\u00f3 con la caminata en la que participaron aproximadamente 300 mujeres, desde el Parque de la Bandera hasta llegar a los bajos del Palacio Municipal, para ah\u00ed formar el Lazo Rosa que simboliza la concientizaci\u00f3n sobre la lucha constante que tanto hombres como mujeres, enfrentan contra el c\u00e1ncer de mama.<\/p>\n<p>Al finalizar la caminata, Ortiz Lanz en compa\u00f1\u00eda de las autoridades, realizaron el recorrido por los stands de las diversas dependencias e instituciones que se sumaron a la conmemoraci\u00f3n, tales como el Instituto de Capacitaci\u00f3n para el Trabajo (ICATCAM), la Secretar\u00eda de Salud, el Instituto Nacional de las Personas Adultas Mayores (INAPAM) y la Secretar\u00eda de Desarrollo Social federal, entre otras.<\/p>\n<p>Finalmente, el Instituto de la Mujer del Estado de Campeche y el Ayuntamiento de Champot\u00f3n signaron el convenio de colaboraci\u00f3n para establecer una coordinaci\u00f3n de trabajo, as\u00ed como para que se otorguen las facilidades al IMEC de poder brindar a trav\u00e9s del Mujer M\u00f3vil, servicios de atenci\u00f3n integral totalmente gratuitos para ni\u00f1as, ni\u00f1os, mujeres y hombres de la cabecera y juntas municipales de Champot\u00f3n.<\/p>\n<p>\u201cLes invito a sumarse a todas las acciones que realizamos no s\u00f3lo en favor de las mujeres, sino de todas las familias campechanas; les invito a acercarse a nosotros para recibir todos los servicios que gratuitamente tenemos para ustedes, porque prevenir es vida\u201d, concluy\u00f3 la directora general del IMEC.<\/p>\n<p>Tambi\u00e9n asistieron al evento, Aura N\u00ednive G\u00f3mez Melo, coordinadora de la Instancia de la Mujer en Champot\u00f3n; y Mario Alonzo Medina Novelo, director del Centro de Salud local.<\/p>\n","protected":false},"excerpt":{"rendered":"<p>Iniciando con la ofrenda floral, en el Parque de las Madres, acompa\u00f1ada por el alcalde de Champot\u00f3n, Daniel Martin Le\u00f3n Cruz&#8230;<\/p>\n","protected":false},"author":1018,"featured_media":0,"comment_status":"open","ping_status":"open","sticky":false,"template":"","format":"standard","meta":{"tdm_status":"","tdm_grid_status":"","footnotes":""},"categories":[27],"tags":[],"_links":{"self":[{"href":"https:\/\/dralvarez.com.mx\/larevista\/wp-json\/wp\/v2\/posts\/70444"}],"collection":[{"href":"https:\/\/dralvarez.com.mx\/larevista\/wp-json\/wp\/v2\/posts"}],"about":[{"href":"https:\/\/dralvarez.com.mx\/larevista\/wp-json\/wp\/v2\/types\/post"}],"author":[{"embeddable":true,"href":"https:\/\/dralvarez.com.mx\/larevista\/wp-json\/wp\/v2\/users\/1018"}],"replies":[{"embeddable":true,"href":"https:\/\/dralvarez.com.mx\/larevista\/wp-json\/wp\/v2\/comments?post=70444"}],"version-history":[{"count":0,"href":"https:\/\/dralvarez.com.mx\/larevista\/wp-json\/wp\/v2\/posts\/70444\/revisions"}],"wp:attachment":[{"href":"https:\/\/dralvarez.com.mx\/larevista\/wp-json\/wp\/v2\/media?parent=70444"}],"wp:term":[{"taxonomy":"category","embeddable":true,"href":"https:\/\/dralvarez.com.mx\/larevista\/wp-json\/wp\/v2\/categories?post=70444"},{"taxonomy":"post_tag","embeddable":true,"href":"https:\/\/dralvarez.com.mx\/larevista\/wp-json\/wp\/v2\/tags?post=70444"}],"curies":[{"name":"wp","href":"https:\/\/api.w.org\/{rel}","templated":true}]}}