{"id":70443,"date":"2018-10-22T00:00:00","date_gmt":"2018-10-22T06:00:00","guid":{"rendered":"https:\/\/dralvarez.com.mx\/larevista\/blog\/recibe-personal-academico-del-cecytec-certificacion-del-conocer-30568"},"modified":"2018-10-22T00:00:00","modified_gmt":"2018-10-22T06:00:00","slug":"recibe-personal-academico-del-cecytec-certificacion-del-conocer-30568","status":"publish","type":"post","link":"https:\/\/dralvarez.com.mx\/larevista\/compeche\/recibe-personal-academico-del-cecytec-certificacion-del-conocer-30568","title":{"rendered":"Recibe personal acad\u00e9mico del CECYTEC Certificaci\u00f3n del conocer"},"content":{"rendered":"<p>La Certificadora y Evaluadora de la Red CONOCER (Consejo Nacional de Normalizaci\u00f3n y Certificaci\u00f3n de Competencias Laborales), entreg\u00f3 al personal acad\u00e9mico del Colegio de Estudios Cient\u00edficos y Tecnol\u00f3gicos del Estado de Campeche (CECyTEC), la certificaci\u00f3n en el est\u00e1ndar de competencia EC647.<\/p>\n<p>En la reuni\u00f3n efectuada en la sala de juntas de la Direcci\u00f3n General del CECyTEC, estuvieron presentes Laura Baqueiro Ramos, directora general de este colegio; Carlos Eduardo Ortiz Pi\u00f1era, director general del Instituto de Capacitaci\u00f3n para el Trabajo (ICATCAM) y colaboradores de ambas instituciones.<\/p>\n<p>En su mensaje, la directora del CECyTEC, agradeci\u00f3 al Instituto de Capacitaci\u00f3n para el Trabajo del Estado, el invaluable apoyo para fortalecer la competencia del personal acad\u00e9mico, que propicia el aprendizaje significativo de Educaci\u00f3n Media Superior y Superior que ofrece el CONOCER.&nbsp;<\/p>\n<p>Al felicitar a los tres colaboradores que se capacitaron: Nancy S\u00e1nchez Burgoa, Ondina Isela Cornelio Campos y Arist\u00f3fanes Madrigal Uc, les extern\u00f3 que esta certificaci\u00f3n redundar\u00e1 para la mejora de los docentes y estudiantes de los siete planteles por un mejor CECyTEC rumbo a la excelencia, que este 2018 ajusta 24 a\u00f1os de&nbsp; formar profesionales en diversos \u00e1mbitos, en beneficio de la sociedad.<\/p>\n","protected":false},"excerpt":{"rendered":"<p>En su mensaje, la directora del CECyTEC, agradeci\u00f3 al Instituto de Capacitaci\u00f3n para el Trabajo del Estado<\/p>\n","protected":false},"author":1018,"featured_media":0,"comment_status":"open","ping_status":"open","sticky":false,"template":"","format":"standard","meta":{"tdm_status":"","tdm_grid_status":"","footnotes":""},"categories":[27],"tags":[],"_links":{"self":[{"href":"https:\/\/dralvarez.com.mx\/larevista\/wp-json\/wp\/v2\/posts\/70443"}],"collection":[{"href":"https:\/\/dralvarez.com.mx\/larevista\/wp-json\/wp\/v2\/posts"}],"about":[{"href":"https:\/\/dralvarez.com.mx\/larevista\/wp-json\/wp\/v2\/types\/post"}],"author":[{"embeddable":true,"href":"https:\/\/dralvarez.com.mx\/larevista\/wp-json\/wp\/v2\/users\/1018"}],"replies":[{"embeddable":true,"href":"https:\/\/dralvarez.com.mx\/larevista\/wp-json\/wp\/v2\/comments?post=70443"}],"version-history":[{"count":0,"href":"https:\/\/dralvarez.com.mx\/larevista\/wp-json\/wp\/v2\/posts\/70443\/revisions"}],"wp:attachment":[{"href":"https:\/\/dralvarez.com.mx\/larevista\/wp-json\/wp\/v2\/media?parent=70443"}],"wp:term":[{"taxonomy":"category","embeddable":true,"href":"https:\/\/dralvarez.com.mx\/larevista\/wp-json\/wp\/v2\/categories?post=70443"},{"taxonomy":"post_tag","embeddable":true,"href":"https:\/\/dralvarez.com.mx\/larevista\/wp-json\/wp\/v2\/tags?post=70443"}],"curies":[{"name":"wp","href":"https:\/\/api.w.org\/{rel}","templated":true}]}}