{"id":70435,"date":"2018-10-19T00:00:00","date_gmt":"2018-10-19T06:00:00","guid":{"rendered":"https:\/\/dralvarez.com.mx\/larevista\/blog\/marco-de-la-ceremonia-del-75-aniversario-de-la-secretaria-de-salud-y-del-dia-del-medico-30560"},"modified":"2018-10-19T00:00:00","modified_gmt":"2018-10-19T06:00:00","slug":"marco-de-la-ceremonia-del-75-aniversario-de-la-secretaria-de-salud-y-del-dia-del-medico-30560","status":"publish","type":"post","link":"https:\/\/dralvarez.com.mx\/larevista\/compeche\/marco-de-la-ceremonia-del-75-aniversario-de-la-secretaria-de-salud-y-del-dia-del-medico-30560","title":{"rendered":"Marco de la ceremonia del 75 aniversario de la Secretar\u00eda de Salud y del D\u00eda del M\u00e9dico"},"content":{"rendered":"<p>En el marco de la ceremonia del 75 aniversario de la Secretar\u00eda de Salud y del D\u00eda del M\u00e9dico, el gobernador Alejandro Moreno C\u00e1rdenas felicit\u00f3 al doctor Enrique Graue Wiechers, rector de la Universidad Aut\u00f3noma de M\u00e9xico, por haber sido galardonado con el M\u00e9rito M\u00e9dico 2018 y al doctor campechano Gabriel D\u00edaz Lic\u00f3n, reconocido por el Consejo Nacional de Salud por su excepcional desempe\u00f1o profesional. Moreno C\u00e1rdenas tambi\u00e9n salud\u00f3 al presidente nacional de la Cruz Roja Mexicana, Fernando Suinaga C\u00e1rdenas y a familiares del galeno campechano que estuvieron presentes en el evento realizado en el edificio sede de la Secretar\u00eda de Salud federal.<\/p>\n<p><\/p>\n","protected":false},"excerpt":{"rendered":"<p>El gobernador Alejandro Moreno C\u00e1rdenas felicit\u00f3 al doctor Enrique Graue Wiechers, rector de la Universidad Aut\u00f3noma de M\u00e9xico<\/p>\n","protected":false},"author":1018,"featured_media":0,"comment_status":"open","ping_status":"open","sticky":false,"template":"","format":"standard","meta":{"tdm_status":"","tdm_grid_status":"","footnotes":""},"categories":[27],"tags":[],"_links":{"self":[{"href":"https:\/\/dralvarez.com.mx\/larevista\/wp-json\/wp\/v2\/posts\/70435"}],"collection":[{"href":"https:\/\/dralvarez.com.mx\/larevista\/wp-json\/wp\/v2\/posts"}],"about":[{"href":"https:\/\/dralvarez.com.mx\/larevista\/wp-json\/wp\/v2\/types\/post"}],"author":[{"embeddable":true,"href":"https:\/\/dralvarez.com.mx\/larevista\/wp-json\/wp\/v2\/users\/1018"}],"replies":[{"embeddable":true,"href":"https:\/\/dralvarez.com.mx\/larevista\/wp-json\/wp\/v2\/comments?post=70435"}],"version-history":[{"count":0,"href":"https:\/\/dralvarez.com.mx\/larevista\/wp-json\/wp\/v2\/posts\/70435\/revisions"}],"wp:attachment":[{"href":"https:\/\/dralvarez.com.mx\/larevista\/wp-json\/wp\/v2\/media?parent=70435"}],"wp:term":[{"taxonomy":"category","embeddable":true,"href":"https:\/\/dralvarez.com.mx\/larevista\/wp-json\/wp\/v2\/categories?post=70435"},{"taxonomy":"post_tag","embeddable":true,"href":"https:\/\/dralvarez.com.mx\/larevista\/wp-json\/wp\/v2\/tags?post=70435"}],"curies":[{"name":"wp","href":"https:\/\/api.w.org\/{rel}","templated":true}]}}