{"id":70434,"date":"2018-10-19T00:00:00","date_gmt":"2018-10-19T06:00:00","guid":{"rendered":"https:\/\/dralvarez.com.mx\/larevista\/blog\/el-gobernador-alejandro-moreno-acompano-al-presidente-enrique-pena-nieto-en-la-ceremonia-conmemorativa-del-75-aniversario-de-la-secretaria-de-salud-30"},"modified":"2018-10-19T00:00:00","modified_gmt":"2018-10-19T06:00:00","slug":"el-gobernador-alejandro-moreno-acompano-al-presidente-enrique-pena-nieto-en-la-ceremonia-conmemorativa-del-75-aniversario-de-la-secretaria-de-salud-30","status":"publish","type":"post","link":"https:\/\/dralvarez.com.mx\/larevista\/compeche\/el-gobernador-alejandro-moreno-acompano-al-presidente-enrique-pena-nieto-en-la-ceremonia-conmemorativa-del-75-aniversario-de-la-secretaria-de-salud-30","title":{"rendered":"El gobernador Alejandro Moreno acompa\u00f1\u00f3 al presidente Enrique Pe\u00f1a Nieto en la ceremonia conmemorativa del 75 aniversario de la Secretar\u00eda de Salud"},"content":{"rendered":"<p>El gobernador Alejandro Moreno C\u00e1rdenas, tambi\u00e9n coordinador de la Comisi\u00f3n de Salud de la Conferencia Nacional de Gobernadores (Conago), acompa\u00f1\u00f3 al presidente Enrique Pe\u00f1a Nieto en la ceremonia conmemorativa del 75 aniversario de la Secretar\u00eda de Salud. En su intervenci\u00f3n, el mandatario federal enfatiz\u00f3 que durante su gobierno la carencia por acceso a servicios de salud se redujo en seis puntos porcentuales, es decir, 6.2 millones de personas m\u00e1s cuentan ahora con atenci\u00f3n a la salud.<\/p>\n<p><\/p>\n","protected":false},"excerpt":{"rendered":"<p>El mandatario federal enfatiz\u00f3 que durante su gobierno la carencia por acceso a servicios de salud se redujo en seis puntos porcentuales<\/p>\n","protected":false},"author":1018,"featured_media":0,"comment_status":"open","ping_status":"open","sticky":false,"template":"","format":"standard","meta":{"tdm_status":"","tdm_grid_status":"","footnotes":""},"categories":[27],"tags":[],"_links":{"self":[{"href":"https:\/\/dralvarez.com.mx\/larevista\/wp-json\/wp\/v2\/posts\/70434"}],"collection":[{"href":"https:\/\/dralvarez.com.mx\/larevista\/wp-json\/wp\/v2\/posts"}],"about":[{"href":"https:\/\/dralvarez.com.mx\/larevista\/wp-json\/wp\/v2\/types\/post"}],"author":[{"embeddable":true,"href":"https:\/\/dralvarez.com.mx\/larevista\/wp-json\/wp\/v2\/users\/1018"}],"replies":[{"embeddable":true,"href":"https:\/\/dralvarez.com.mx\/larevista\/wp-json\/wp\/v2\/comments?post=70434"}],"version-history":[{"count":0,"href":"https:\/\/dralvarez.com.mx\/larevista\/wp-json\/wp\/v2\/posts\/70434\/revisions"}],"wp:attachment":[{"href":"https:\/\/dralvarez.com.mx\/larevista\/wp-json\/wp\/v2\/media?parent=70434"}],"wp:term":[{"taxonomy":"category","embeddable":true,"href":"https:\/\/dralvarez.com.mx\/larevista\/wp-json\/wp\/v2\/categories?post=70434"},{"taxonomy":"post_tag","embeddable":true,"href":"https:\/\/dralvarez.com.mx\/larevista\/wp-json\/wp\/v2\/tags?post=70434"}],"curies":[{"name":"wp","href":"https:\/\/api.w.org\/{rel}","templated":true}]}}