{"id":70432,"date":"2018-10-19T00:00:00","date_gmt":"2018-10-19T06:00:00","guid":{"rendered":"https:\/\/dralvarez.com.mx\/larevista\/blog\/imparte-el-dif-estatal-curso-sobre-el-uso-del-baston-blanco-para-personas-con-discapacidad-visual-30556"},"modified":"2018-10-19T00:00:00","modified_gmt":"2018-10-19T06:00:00","slug":"imparte-el-dif-estatal-curso-sobre-el-uso-del-baston-blanco-para-personas-con-discapacidad-visual-30556","status":"publish","type":"post","link":"https:\/\/dralvarez.com.mx\/larevista\/compeche\/imparte-el-dif-estatal-curso-sobre-el-uso-del-baston-blanco-para-personas-con-discapacidad-visual-30556","title":{"rendered":"Imparte el DIF estatal curso sobre el uso del bast\u00f3n blanco para personas con discapacidad visual"},"content":{"rendered":"<\/p>\n<p>En el marco el D\u00eda Internacional del uso del Bast\u00f3n Blanco, celebrado el pasado 15 de octubre, el Sistema Estatal para el Desarrollo Integral de la Familia (DIF) a trav\u00e9s de la Direcci\u00f3n de Atenci\u00f3n Social y Discapacidad, imparti\u00f3 el curso de capacitaci\u00f3n en este tema a personas con y sin discapacidad.<\/p>\n<p>En representaci\u00f3n de la Presidenta del Patronato del DIF, Christelle Casta\u00f1\u00f3n de Moreno, la Directora General del SEDIF, Silvia Elena Parrao Arceo, don\u00f3 bastones a personas con discapacidad visual, que les permitir\u00e1n desplazarse con independencia.<\/p>\n<p>Las 20 personas participantes, entre ellos, maestros de educaci\u00f3n especial, familiares de personas con discapacidad visual, personas con discapacidad visual y p\u00fablico en general, se reunieron en el claustro de la Mansi\u00f3n Carvajal, donde fueron guiados por el maestro Ernesto Villarino Villarino, quien mediante la pr\u00e1ctica realizaron diversos ejercicios que promovieron la atenci\u00f3n a las personas con discapacidad visual con el apoyo de diversos materiales y t\u00e9cnicas de grupos de aprendizaje como estrategia para la actualizaci\u00f3n y capacitaci\u00f3n continua.<\/p>\n<p>El objetivo es promover la atenci\u00f3n e inclusi\u00f3n de las personas con discapacidad visual, y la capacitaci\u00f3n busca dar la importancia al esfuerzo por lograr que las personas con discapacidad visual puedan lograr verdadera y completa inclusi\u00f3n en la sociedad y la oportunidad de mejor integraci\u00f3n en la convivencia diaria con los personas.<\/p><\/p>\n","protected":false},"excerpt":{"rendered":"<p>La Directora General del SEDIF, Silvia Elena Parrao Arceo, don\u00f3 bastones a personas con discapacidad visual, que les permitir\u00e1n desplazarse con indepe<\/p>\n","protected":false},"author":1018,"featured_media":0,"comment_status":"open","ping_status":"open","sticky":false,"template":"","format":"standard","meta":{"tdm_status":"","tdm_grid_status":"","footnotes":""},"categories":[27],"tags":[],"_links":{"self":[{"href":"https:\/\/dralvarez.com.mx\/larevista\/wp-json\/wp\/v2\/posts\/70432"}],"collection":[{"href":"https:\/\/dralvarez.com.mx\/larevista\/wp-json\/wp\/v2\/posts"}],"about":[{"href":"https:\/\/dralvarez.com.mx\/larevista\/wp-json\/wp\/v2\/types\/post"}],"author":[{"embeddable":true,"href":"https:\/\/dralvarez.com.mx\/larevista\/wp-json\/wp\/v2\/users\/1018"}],"replies":[{"embeddable":true,"href":"https:\/\/dralvarez.com.mx\/larevista\/wp-json\/wp\/v2\/comments?post=70432"}],"version-history":[{"count":0,"href":"https:\/\/dralvarez.com.mx\/larevista\/wp-json\/wp\/v2\/posts\/70432\/revisions"}],"wp:attachment":[{"href":"https:\/\/dralvarez.com.mx\/larevista\/wp-json\/wp\/v2\/media?parent=70432"}],"wp:term":[{"taxonomy":"category","embeddable":true,"href":"https:\/\/dralvarez.com.mx\/larevista\/wp-json\/wp\/v2\/categories?post=70432"},{"taxonomy":"post_tag","embeddable":true,"href":"https:\/\/dralvarez.com.mx\/larevista\/wp-json\/wp\/v2\/tags?post=70432"}],"curies":[{"name":"wp","href":"https:\/\/api.w.org\/{rel}","templated":true}]}}