{"id":70425,"date":"2018-10-19T00:00:00","date_gmt":"2018-10-19T06:00:00","guid":{"rendered":"https:\/\/dralvarez.com.mx\/larevista\/blog\/emtrega-premio-valores-2018-30549"},"modified":"2018-10-19T00:00:00","modified_gmt":"2018-10-19T06:00:00","slug":"emtrega-premio-valores-2018-30549","status":"publish","type":"post","link":"https:\/\/dralvarez.com.mx\/larevista\/compeche\/emtrega-premio-valores-2018-30549","title":{"rendered":"Emtrega premio valores 2018"},"content":{"rendered":"<p>En reconocimiento al compromiso que ha asumido para transformar Campeche; impulsar la promoci\u00f3n de su riqueza hist\u00f3rica, cultural y natural, as\u00ed como fortalecer su clima de paz y tranquilidad, Alejandro Moreno C\u00e1rdenas fue distinguido por la revista Valores con el Premio Valores 2018, en la categor\u00eda gobernador del a\u00f1o. En representaci\u00f3n del mandatario campechano, el secretario de Educaci\u00f3n, Ricardo Medina Farf\u00e1n, recibi\u00f3 anoche la estatuilla \u201cGuerrero Valores\u201d en la gala que tuvo lugar en el casino militar del Campo Marte,<\/p>\n","protected":false},"excerpt":{"rendered":"<p>reconocimiento al compromiso que ha asumido para transformar Campeche&#8230;<\/p>\n","protected":false},"author":1018,"featured_media":0,"comment_status":"open","ping_status":"open","sticky":false,"template":"","format":"standard","meta":{"tdm_status":"","tdm_grid_status":"","footnotes":""},"categories":[27],"tags":[],"_links":{"self":[{"href":"https:\/\/dralvarez.com.mx\/larevista\/wp-json\/wp\/v2\/posts\/70425"}],"collection":[{"href":"https:\/\/dralvarez.com.mx\/larevista\/wp-json\/wp\/v2\/posts"}],"about":[{"href":"https:\/\/dralvarez.com.mx\/larevista\/wp-json\/wp\/v2\/types\/post"}],"author":[{"embeddable":true,"href":"https:\/\/dralvarez.com.mx\/larevista\/wp-json\/wp\/v2\/users\/1018"}],"replies":[{"embeddable":true,"href":"https:\/\/dralvarez.com.mx\/larevista\/wp-json\/wp\/v2\/comments?post=70425"}],"version-history":[{"count":0,"href":"https:\/\/dralvarez.com.mx\/larevista\/wp-json\/wp\/v2\/posts\/70425\/revisions"}],"wp:attachment":[{"href":"https:\/\/dralvarez.com.mx\/larevista\/wp-json\/wp\/v2\/media?parent=70425"}],"wp:term":[{"taxonomy":"category","embeddable":true,"href":"https:\/\/dralvarez.com.mx\/larevista\/wp-json\/wp\/v2\/categories?post=70425"},{"taxonomy":"post_tag","embeddable":true,"href":"https:\/\/dralvarez.com.mx\/larevista\/wp-json\/wp\/v2\/tags?post=70425"}],"curies":[{"name":"wp","href":"https:\/\/api.w.org\/{rel}","templated":true}]}}