{"id":70422,"date":"2018-10-19T00:00:00","date_gmt":"2018-10-19T06:00:00","guid":{"rendered":"https:\/\/dralvarez.com.mx\/larevista\/blog\/nombran-a-director-del-icatcam-coordinador-regional-de-la-zona-sureste-30546"},"modified":"2018-10-19T00:00:00","modified_gmt":"2018-10-19T06:00:00","slug":"nombran-a-director-del-icatcam-coordinador-regional-de-la-zona-sureste-30546","status":"publish","type":"post","link":"https:\/\/dralvarez.com.mx\/larevista\/compeche\/nombran-a-director-del-icatcam-coordinador-regional-de-la-zona-sureste-30546","title":{"rendered":"Nombran a director del ICATCAM coordinador regional de la zona sureste"},"content":{"rendered":"<p>Debido a la regionalizaci\u00f3n de los organismos descentralizados de las entidades federativas que conforman el Subsistema Educativo de Formaci\u00f3n para y en el Trabajo (ICAT), la coordinadora general, Alejandra Fern\u00e1ndez Guti\u00e9rrez nombr\u00f3 como coordinador de la zona sureste al director del Instituto de Capacitaci\u00f3n para el Trabajo del Estado de Campeche (ICATCAM), Carlos Ortiz Pi\u00f1era.<\/p>\n<p>Al notificarle su encomienda, Fern\u00e1ndez Guti\u00e9rrez lo exhort\u00f3 a continuar los trabajos para el fortalecimiento de los institutos, en particular los que componen la regi\u00f3n: Chiapas, Quintana Roo, Tabasco, Veracruz, Yucat\u00e1n y Campeche.<\/p>\n<p>Por su parte, Ortiz Pi\u00f1era se\u00f1al\u00f3 que asume con responsabilidad y compromiso la nueva tarea para abanderar las gestiones y labores de los institutos de capacitaci\u00f3n, y que impacten directamente en la profesionalizaci\u00f3n de los oficios que demandan los diferentes sectores sociales y econ\u00f3micos de la regi\u00f3n y el pa\u00eds.<\/p>\n<p>El director general del ICATCAM destac\u00f3 la importancia de representar y coordinar a sus hom\u00f3logos del sureste, pues es un reconocimiento a todo el equipo de trabajo del instituto y los resultados obtenidos a la fecha, \u201cson instrucciones precisas del gobernador Alejandro Moreno, tocar puertas y ser gestores permanentes para traer a Campeche acciones que se reflejen en el bienestar de la ciudadan\u00eda, y a\u00fan mejor para toda la regi\u00f3n\u201d, recalc\u00f3.<\/p>\n<p>Afirm\u00f3 que se reforzar\u00e1 el grado de especializaci\u00f3n de los cursos, est\u00e1ndares de certificaci\u00f3n y adiestramiento para el trabajo remunerado y estable, ya sea para que los interesados puedan emprender una micro empresa o integrarse al mercado laboral.<\/p>\n<p><\/p>\n","protected":false},"excerpt":{"rendered":"<p>Ortiz Pi\u00f1era se\u00f1al\u00f3 que asume con responsabilidad y compromiso la nueva tarea para abanderar las gestiones y labores de los institutos de capacitaci\u00f3n<\/p>\n","protected":false},"author":1018,"featured_media":0,"comment_status":"open","ping_status":"open","sticky":false,"template":"","format":"standard","meta":{"tdm_status":"","tdm_grid_status":"","footnotes":""},"categories":[27],"tags":[],"_links":{"self":[{"href":"https:\/\/dralvarez.com.mx\/larevista\/wp-json\/wp\/v2\/posts\/70422"}],"collection":[{"href":"https:\/\/dralvarez.com.mx\/larevista\/wp-json\/wp\/v2\/posts"}],"about":[{"href":"https:\/\/dralvarez.com.mx\/larevista\/wp-json\/wp\/v2\/types\/post"}],"author":[{"embeddable":true,"href":"https:\/\/dralvarez.com.mx\/larevista\/wp-json\/wp\/v2\/users\/1018"}],"replies":[{"embeddable":true,"href":"https:\/\/dralvarez.com.mx\/larevista\/wp-json\/wp\/v2\/comments?post=70422"}],"version-history":[{"count":0,"href":"https:\/\/dralvarez.com.mx\/larevista\/wp-json\/wp\/v2\/posts\/70422\/revisions"}],"wp:attachment":[{"href":"https:\/\/dralvarez.com.mx\/larevista\/wp-json\/wp\/v2\/media?parent=70422"}],"wp:term":[{"taxonomy":"category","embeddable":true,"href":"https:\/\/dralvarez.com.mx\/larevista\/wp-json\/wp\/v2\/categories?post=70422"},{"taxonomy":"post_tag","embeddable":true,"href":"https:\/\/dralvarez.com.mx\/larevista\/wp-json\/wp\/v2\/tags?post=70422"}],"curies":[{"name":"wp","href":"https:\/\/api.w.org\/{rel}","templated":true}]}}