{"id":70407,"date":"2018-10-19T00:00:00","date_gmt":"2018-10-19T06:00:00","guid":{"rendered":"https:\/\/dralvarez.com.mx\/larevista\/blog\/concluye-seduc-jornada-estatal-de-educacion-socioemocional-30530"},"modified":"2018-10-19T00:00:00","modified_gmt":"2018-10-19T06:00:00","slug":"concluye-seduc-jornada-estatal-de-educacion-socioemocional-30530","status":"publish","type":"post","link":"https:\/\/dralvarez.com.mx\/larevista\/compeche\/concluye-seduc-jornada-estatal-de-educacion-socioemocional-30530","title":{"rendered":"Concluye SEDUC jornada estatal de educaci\u00f3n socioemocional"},"content":{"rendered":"<p>El secretario de Educaci\u00f3n, Ricardo Medina Farf\u00e1n, encabez\u00f3 el desarrollo del \u00faltimo d\u00eda de trabajo de la Jornada Estatal de Educaci\u00f3n Socioemocional, mismo que se llev\u00f3 a cabo del 15 al 17 de octubre, y mediante el cual se capacit\u00f3 a m\u00e1s de 800 docentes de educaci\u00f3n b\u00e1sica en el desarrollo de habilidades socioemocionales.<\/p>\n<p>Al dirigir un mensaje a los participantes, el titular de la Secretar\u00eda de Educaci\u00f3n (SEDUC) detall\u00f3 que esta es una de las acciones que la dependencia desarrollar\u00e1 a fin de incorporar en los centros escolares de la entidad, el manejo del tema socioemocional para que, a trav\u00e9s de la capacitaci\u00f3n del personal docente, las ni\u00f1as, ni\u00f1os y j\u00f3venes reciban una atenci\u00f3n integral, abarcando m\u00e1s all\u00e1 de la generaci\u00f3n de conocimientos.<\/p>\n<p>\u201cSi logramos hacer del tema socioemocional una fortaleza en el sistema educativo de nuestro Estado, que ustedes como docentes desarrollen capacidades y estrategias propias, y darle un impulso como pol\u00edtica p\u00fablica, nuestros ni\u00f1os van a vivir mejor y con ello, podremos asegurarles una mejor perspectiva de futuro; es necesario que la labor docente no se limite s\u00f3lo a generar conocimientos, sino que esta abarque una tarea m\u00e1s integral para que nuestros alumnos aprendan a ser resilientes a las circunstancias para trascender, ser mejores personas y ser felices\u201d, acot\u00f3.<\/p>\n<p>Medina Farf\u00e1n agreg\u00f3 que, a trav\u00e9s de estas actividades, se permitir\u00e1 que las maestras y maestros adquieran las habilidades necesarias para la buena observaci\u00f3n, para atender las se\u00f1ales que puedan tener los estudiantes que atraviesan alguna situaci\u00f3n de riesgo y brindarles acompa\u00f1amiento, y que, con ello, el cambio que puedan tener en sus vidas puede ser muy significativo.<\/p>\n<p>Finalmente, el secretario de Educaci\u00f3n destac\u00f3 que esta jornada contempl\u00f3 tres d\u00edas de trabajo, a trav\u00e9s de la cual se capacit\u00f3 a 820 docentes de todo el Estado por parte de especialistas de la asociaci\u00f3n AtentaMente Consultores, y a\u00f1adi\u00f3 que se dar\u00e1 continuidad para abordar profundamente este rubro y se aspira a tener un grupo de expertos a nivel local para tratar este tema.<\/p>\n","protected":false},"excerpt":{"rendered":"<p>Secretario de Educaci\u00f3n, Ricardo Medina, encabez\u00f3 \u00faltimo d\u00eda de trabajo de esta actividad<\/p>\n","protected":false},"author":1018,"featured_media":0,"comment_status":"open","ping_status":"open","sticky":false,"template":"","format":"standard","meta":{"tdm_status":"","tdm_grid_status":"","footnotes":""},"categories":[27],"tags":[],"_links":{"self":[{"href":"https:\/\/dralvarez.com.mx\/larevista\/wp-json\/wp\/v2\/posts\/70407"}],"collection":[{"href":"https:\/\/dralvarez.com.mx\/larevista\/wp-json\/wp\/v2\/posts"}],"about":[{"href":"https:\/\/dralvarez.com.mx\/larevista\/wp-json\/wp\/v2\/types\/post"}],"author":[{"embeddable":true,"href":"https:\/\/dralvarez.com.mx\/larevista\/wp-json\/wp\/v2\/users\/1018"}],"replies":[{"embeddable":true,"href":"https:\/\/dralvarez.com.mx\/larevista\/wp-json\/wp\/v2\/comments?post=70407"}],"version-history":[{"count":0,"href":"https:\/\/dralvarez.com.mx\/larevista\/wp-json\/wp\/v2\/posts\/70407\/revisions"}],"wp:attachment":[{"href":"https:\/\/dralvarez.com.mx\/larevista\/wp-json\/wp\/v2\/media?parent=70407"}],"wp:term":[{"taxonomy":"category","embeddable":true,"href":"https:\/\/dralvarez.com.mx\/larevista\/wp-json\/wp\/v2\/categories?post=70407"},{"taxonomy":"post_tag","embeddable":true,"href":"https:\/\/dralvarez.com.mx\/larevista\/wp-json\/wp\/v2\/tags?post=70407"}],"curies":[{"name":"wp","href":"https:\/\/api.w.org\/{rel}","templated":true}]}}