{"id":70405,"date":"2018-10-19T00:00:00","date_gmt":"2018-10-19T06:00:00","guid":{"rendered":"https:\/\/dralvarez.com.mx\/larevista\/blog\/preside-christelle-castanon-de-moreno-la-octava-etapa-de-la-campana-de-implante-coclear-y-entrego-apoyos-diversos-30528"},"modified":"2018-10-19T00:00:00","modified_gmt":"2018-10-19T06:00:00","slug":"preside-christelle-castanon-de-moreno-la-octava-etapa-de-la-campana-de-implante-coclear-y-entrego-apoyos-diversos-30528","status":"publish","type":"post","link":"https:\/\/dralvarez.com.mx\/larevista\/compeche\/preside-christelle-castanon-de-moreno-la-octava-etapa-de-la-campana-de-implante-coclear-y-entrego-apoyos-diversos-30528","title":{"rendered":"Preside Christelle Casta\u00f1\u00f3n De Moreno la octava etapa de la campa\u00f1a de implante coclear  y entreg\u00f3 apoyos diversos"},"content":{"rendered":"<p>Al presenciar el encendido de la octava campa\u00f1a de implante coclear, la Presidenta del Patronato del DIF Estatal, Christelle Casta\u00f1\u00f3n de Moreno, confirm\u00f3, que Campeche se convierte en el \u00fanico Estado que cuenta con una atenci\u00f3n integral, que va desde la detecci\u00f3n del padecimiento, la cirug\u00eda, la terapia de lenguaje y la integraci\u00f3n de las ni\u00f1as y ni\u00f1os en escuelas regulares, esto, durante el evento que se llev\u00f3 a cabo en el sal\u00f3n \u201cLilia Reyes de L\u00f3pez Hern\u00e1ndez\u201d de la Mansi\u00f3n Carvajal, donde tambi\u00e9n entreg\u00f3, apoyos diversos para beneficio de personas de los diferentes municipios.<\/p>\n<p>Casta\u00f1\u00f3n de Moreno, subray\u00f3, que en tres a\u00f1os, con la suma de esfuerzos de diversas instituciones como salud y educaci\u00f3n, y con el apoyo del DIF nacional de donde naci\u00f3 la iniciativa a trav\u00e9s de la se\u00f1ora Ang\u00e9lica Rivera de Pe\u00f1a, que apoyada por su esposo, el Presidente de la Rep\u00fablica, Enrique Pe\u00f1a Nieto, en Campeche se han podido transformar la vida de 15 ni\u00f1as y ni\u00f1os, quienes han sido intervenidos de manera gratuita e implantando con aparatos de alta tecnolog\u00eda, que tienen un costo aproximado de medio mill\u00f3n de pesos, cabe mencionar, que en esta etapa, fue implantada Alejandra de cuatro a\u00f1os de edad del municipio de Campeche.<\/p>\n<p>\u201cCampeche es un ejemplo a nivel nacional, ya que es el \u00fanico estado del Sur-Sureste que cuenta con un equipo tan formal, que da seguimiento a las ni\u00f1as y ni\u00f1os desde la detecci\u00f3n del padecimiento hasta la inclusi\u00f3n en escuelas regulares, gracias al DIF nacional, el Seguro Popular, la Beneficencia P\u00fablica, la Secretar\u00eda de Salud y al apoyo de mi esposo el Gobernador del Estado, Alejandro Moreno C\u00e1rdenas, ustedes son nuestra motivaci\u00f3n, continuamos trabajando por ustedes, el compromiso continua y est\u00e1 muy presente para beneficiar a todos los grupos vulnerables\u201d, expres\u00f3.<\/p>\n<p>Antes de concluir, Christelle Casta\u00f1\u00f3n de Moreno reconoci\u00f3 en los padres a unos guerreros, que no se dejan derrotar y buscan alternativas para salir adelante, ese car\u00e1cter nos motiva a seguir trabajando de manera incansable, por ustedes.<\/p>\n<p>Por su parte, el Secretario de Educaci\u00f3n (SEDUC) Ricardo Medina Farf\u00e1n, agradeci\u00f3 la suma de esfuerzos, para mejorar la calidad de vida de los ni\u00f1os, asimismo, signific\u00f3 la perseverancia de las madres y padres de familia y agradeci\u00f3 el apoyo incondicional del gobernador Alejandro Moreno C\u00e1rdenas y su esposa Christelle Casta\u00f1\u00f3n de Moreno, que con sensibilidad y compromiso que hacen rendir el recurso porque est\u00e1n comprometidos y saben que no hay mejor inversi\u00f3n que la estabilidad de las ni\u00f1as y  ni\u00f1os.<\/p>\n<p>El sector educativo, representa la posibilidad de proporcionar una educaci\u00f3n formal de los ni\u00f1os implantados de manera que asistan a las escuelas regulares, d\u00e1ndoles la oportunidad de aprender  y convivir en comunidad.<\/p>\n<p>El Secretario de Salud (SSA) Rafael Rodr\u00edguez Cabrera, hizo un llamado a los padres de familia para tomar acciones desde temprana edad de manera que los ni\u00f1os, en caso de tener un problema de salud, sean atendidos y puedan recuperarse.<\/p>\n<p>Acto seguido, Casta\u00f1\u00f3n de Moreno, acompa\u00f1ada por la Directora General del SEDIF, Silvia Elena Parrao Arceo y autoridades de salud, entreg\u00f3 un apoyo de transporte a la ni\u00f1a Layla, que servir\u00e1 para su tratamiento de secuelas de quemaduras, ella, acudir\u00e1 al Hospital Shriners de la ciudad de M\u00e9xico, adem\u00e1s de una pr\u00f3tesis auditiva para el ni\u00f1o Elmer, del municipio de Hecelchak\u00e1n y una  silla de ruedas el\u00e9ctrica para Jord\u00e1n del municipio de Carmen.<\/p>\n","protected":false},"excerpt":{"rendered":"<p>Campeche es un ejemplo a nivel nacional, ya que es el \u00fanico estado del Sur-Sureste que cuenta con un equipo tan formal, que da seguimiento a las ni\u00f1as<\/p>\n","protected":false},"author":1018,"featured_media":0,"comment_status":"open","ping_status":"open","sticky":false,"template":"","format":"standard","meta":{"tdm_status":"","tdm_grid_status":"","footnotes":""},"categories":[27],"tags":[],"_links":{"self":[{"href":"https:\/\/dralvarez.com.mx\/larevista\/wp-json\/wp\/v2\/posts\/70405"}],"collection":[{"href":"https:\/\/dralvarez.com.mx\/larevista\/wp-json\/wp\/v2\/posts"}],"about":[{"href":"https:\/\/dralvarez.com.mx\/larevista\/wp-json\/wp\/v2\/types\/post"}],"author":[{"embeddable":true,"href":"https:\/\/dralvarez.com.mx\/larevista\/wp-json\/wp\/v2\/users\/1018"}],"replies":[{"embeddable":true,"href":"https:\/\/dralvarez.com.mx\/larevista\/wp-json\/wp\/v2\/comments?post=70405"}],"version-history":[{"count":0,"href":"https:\/\/dralvarez.com.mx\/larevista\/wp-json\/wp\/v2\/posts\/70405\/revisions"}],"wp:attachment":[{"href":"https:\/\/dralvarez.com.mx\/larevista\/wp-json\/wp\/v2\/media?parent=70405"}],"wp:term":[{"taxonomy":"category","embeddable":true,"href":"https:\/\/dralvarez.com.mx\/larevista\/wp-json\/wp\/v2\/categories?post=70405"},{"taxonomy":"post_tag","embeddable":true,"href":"https:\/\/dralvarez.com.mx\/larevista\/wp-json\/wp\/v2\/tags?post=70405"}],"curies":[{"name":"wp","href":"https:\/\/api.w.org\/{rel}","templated":true}]}}