{"id":70394,"date":"2018-10-19T00:00:00","date_gmt":"2018-10-19T06:00:00","guid":{"rendered":"https:\/\/dralvarez.com.mx\/larevista\/blog\/se-invertiran-en-infraestructura-19-mmdp-del-pef-2019-moreno-cardenas-30517"},"modified":"2018-10-19T00:00:00","modified_gmt":"2018-10-19T06:00:00","slug":"se-invertiran-en-infraestructura-19-mmdp-del-pef-2019-moreno-cardenas-30517","status":"publish","type":"post","link":"https:\/\/dralvarez.com.mx\/larevista\/compeche\/se-invertiran-en-infraestructura-19-mmdp-del-pef-2019-moreno-cardenas-30517","title":{"rendered":"Se invertir\u00e1n en infraestructura 19 mmdp del PEF 2019: Moreno C\u00e1rdenas"},"content":{"rendered":"<\/p>\n<p>Para<br \/>\nla ejecuci\u00f3n de diversas obras de infraestructura durante el 2019, se proyecta<br \/>\nque el Presupuesto de Egresos de la Federaci\u00f3n destine a la entidad una<br \/>\ninversi\u00f3n de 19 mil millones de pesos, revel\u00f3 el gobernador Alejandro Moreno<br \/>\nC\u00e1rdenas.<\/p>\n<p>El<br \/>\nmandatario hizo un balance de la pasada visita del presidente electo Andr\u00e9s<br \/>\nManuel L\u00f3pez Obrador, la cual calific\u00f3 de exitosa por los acuerdos tomados y el<br \/>\ncompromiso que ratific\u00f3 de respaldar con todo, el desarrollo y la<br \/>\ntransformaci\u00f3n de Campeche.<\/p>\n<p>Respecto<br \/>\na los resultados de la segunda reuni\u00f3n del proyecto Tren Maya, puntualiz\u00f3 que<br \/>\nah\u00ed se dej\u00f3 constancia de que Campeche es el estado que ha cumplido con todos<br \/>\nlos requerimientos para iniciar la construcci\u00f3n de esa gran obra de<br \/>\ninfraestructura, en los tramos que le competen.<\/p>\n<p>Abund\u00f3<br \/>\nque, en la ruta Golfo, se cuenta con 300 kil\u00f3metros de v\u00edas ya construidas, y<br \/>\npara la ruta Selva habr\u00e1n de realizarse 257 kil\u00f3metros m\u00e1s, sin impactar el<br \/>\nmedio ambiente ya que se levantar\u00e1n por derechos de v\u00eda ya existentes de las<br \/>\ncarreteras federales y estatales, adem\u00e1s que de que a la par se desarrollar\u00e1 el<br \/>\nprograma de reforestaci\u00f3n Sembrando Vida, que contempla el cultivo de \u00e1rboles<br \/>\nfrutales y maderables.<\/p>\n<p>Indic\u00f3<br \/>\nque el proyecto recorrer\u00e1 en total ocho municipios y contar\u00e1 con siete<br \/>\nestaciones: la primera se ubicar\u00e1 en Esc\u00e1rcega que fungir\u00e1 como la entrada a la<br \/>\nPen\u00ednsula de Yucat\u00e1n; otra estar\u00e1 en Xpujil, una m\u00e1s se localizar\u00e1 cerca de la<br \/>\nzona arqueol\u00f3gica de Calakmul y las dem\u00e1s en Candelaria, Seybaplaya, Campeche y<br \/>\nCalkin\u00ed.<\/p>\n<p>Destac\u00f3<br \/>\nque por considerarse el lugar con la mejor ubicaci\u00f3n estrat\u00e9gica se estableci\u00f3<br \/>\nel compromiso de que Esc\u00e1rcega sea sede de los talleres y el centro de<br \/>\ndistribuci\u00f3n de trenes, para lo cual ya se cuenta con los terrenos donde se<br \/>\ninstalar\u00e1 dicha infraestructura.<\/p>\n<p>Al<br \/>\nreferirse al Presupuesto de Egresos de la Federaci\u00f3n para el pr\u00f3ximo a\u00f1o,<br \/>\ncoment\u00f3 que se pretende ejercer un monto por 19 mil millones de pesos en<br \/>\ndiversas obras de infraestructura importantes para transformar al estado, como<br \/>\nel libramiento de Ciudad del Carmen y la ampliaci\u00f3n de la carretera<br \/>\nCampeche-Edzn\u00e1.<\/p>\n<p>Dijo<br \/>\nque por ello intensificar\u00e1, en breve, gestiones ante los senadores y diputados<br \/>\nfederales, pues son quienes est\u00e1n directamente ligados con el Presupuesto de<br \/>\nEgresos de la Federaci\u00f3n.<\/p>\n<p><b>Inauguran<br \/>\nsemana de ciencia en COBACAM<\/b><\/p>\n<p>Por<br \/>\notra parte, al afirmar que es fundamental impulsar el conocimiento cient\u00edfico<br \/>\nen la educaci\u00f3n, Rosario Celaya Ram\u00edrez, directora del Plantel 02 de Candelaria<br \/>\ndel Colegio de Bachilleres del Estado de Campeche (COBACAM), que dirige Adlemi<br \/>\nSantiago Ram\u00edrez, inaugur\u00f3 la Feria de la Ciencia y la Tecnolog\u00eda con diversas<br \/>\nactividades.<\/p>\n<p>Realizada<br \/>\nen el marco de la Semana de la Ciencia y la Tecnolog\u00eda, como parte de las<br \/>\nactividades se instal\u00f3 el Planetario M\u00f3vil, se llevaron a cabo conferencias y<br \/>\ntalleres con el tema: \u201cMeta Gen\u00f3mica para la producci\u00f3n de biocombustibles\u201d, y<br \/>\nse conform\u00f3 el Club de Ciencias Galileanos, con la participaci\u00f3n de la Sociedad<br \/>\nde Ciencia y Tecnolog\u00eda e investigaci\u00f3n Juvenil Campeche.<\/p>\n<p>Acompa\u00f1ada<br \/>\nde C\u00e9sar G\u00f3ngora Brice\u00f1o, coordinador de la Zona Sur del COBACAM, dio la<br \/>\nbienvenida a los participantes y destac\u00f3 que la Semana Nacional de Ciencia y<br \/>\nTecnolog\u00eda, promueve la ciencia como pilar del desarrollo econ\u00f3mico, cultural y<br \/>\nsocial del estado.<\/p>\n<p>Subray\u00f3<br \/>\nque, por instrucciones de Santiago Ram\u00edrez, el COBACAM desarrolla en sus 37<br \/>\ncentros educativos programas y actividades para fomentar el acceso a los<br \/>\nconocimientos cient\u00edficos y tecnol\u00f3gicos de los alumnos, como constataron los<br \/>\ninvestigadores, Yuri Pe\u00f1a Ram\u00edrez, bi\u00f3logo por la UNAM e investigador del<br \/>\nECOSUR; Guillermo Adri\u00e1n Chin Canch\u00e9, presidente del Comit\u00e9 Directivo Estatal<br \/>\nde la Sociedad de Ciencia, Tecnolog\u00eda e Investigaci\u00f3n Juvenil Campeche y el<br \/>\ndelegado de Zona Sur, Abraham S\u00e1nchez Chan, entre otros asistentes.<\/p>\n<p>El<br \/>\na\u00f1o pasado, un grupo de alumnos del Plantel de Candelaria, que cuenta con una<br \/>\nmatr\u00edcula de 517 estudiantes, representaron a Campeche en la Semana de la<br \/>\nExpociencia Nacional, que se realiz\u00f3 en Ensenada, Baja California, con su<br \/>\nproyecto de \u201cCarne Vegetal para Hamburguesas\u201d, elaborado a base de la calabaza<br \/>\nchigua de la regi\u00f3n y que fueron asesorados por el profesor Manuel Sol\u00eds<\/p><\/p>\n","protected":false},"excerpt":{"rendered":"<p>El mandatario hizo un balance de la pasada visita del presidente electo Andr\u00e9s Manuel L\u00f3pez Obrador<\/p>\n","protected":false},"author":1018,"featured_media":0,"comment_status":"open","ping_status":"open","sticky":false,"template":"","format":"standard","meta":{"tdm_status":"","tdm_grid_status":"","footnotes":""},"categories":[27],"tags":[],"_links":{"self":[{"href":"https:\/\/dralvarez.com.mx\/larevista\/wp-json\/wp\/v2\/posts\/70394"}],"collection":[{"href":"https:\/\/dralvarez.com.mx\/larevista\/wp-json\/wp\/v2\/posts"}],"about":[{"href":"https:\/\/dralvarez.com.mx\/larevista\/wp-json\/wp\/v2\/types\/post"}],"author":[{"embeddable":true,"href":"https:\/\/dralvarez.com.mx\/larevista\/wp-json\/wp\/v2\/users\/1018"}],"replies":[{"embeddable":true,"href":"https:\/\/dralvarez.com.mx\/larevista\/wp-json\/wp\/v2\/comments?post=70394"}],"version-history":[{"count":0,"href":"https:\/\/dralvarez.com.mx\/larevista\/wp-json\/wp\/v2\/posts\/70394\/revisions"}],"wp:attachment":[{"href":"https:\/\/dralvarez.com.mx\/larevista\/wp-json\/wp\/v2\/media?parent=70394"}],"wp:term":[{"taxonomy":"category","embeddable":true,"href":"https:\/\/dralvarez.com.mx\/larevista\/wp-json\/wp\/v2\/categories?post=70394"},{"taxonomy":"post_tag","embeddable":true,"href":"https:\/\/dralvarez.com.mx\/larevista\/wp-json\/wp\/v2\/tags?post=70394"}],"curies":[{"name":"wp","href":"https:\/\/api.w.org\/{rel}","templated":true}]}}