{"id":70376,"date":"2018-10-18T00:00:00","date_gmt":"2018-10-18T06:00:00","guid":{"rendered":"https:\/\/dralvarez.com.mx\/larevista\/blog\/gobernador-amc-en-reunion-con-el-dir-gral-issste-30497"},"modified":"2018-10-18T00:00:00","modified_gmt":"2018-10-18T06:00:00","slug":"gobernador-amc-en-reunion-con-el-dir-gral-issste-30497","status":"publish","type":"post","link":"https:\/\/dralvarez.com.mx\/larevista\/compeche\/gobernador-amc-en-reunion-con-el-dir-gral-issste-30497","title":{"rendered":"Gobernador AMC en reuni\u00f3n con el  Dir Gral ISSSTE"},"content":{"rendered":"<p>El gobernador Alejandro Moreno C\u00e1rdenas y el director general del Instituto de Seguridad y Servicios Sociales de los Trabajadores del Estado (Issste), Florentino Castro L\u00f3pez, acordaron acelerar las acciones para construir el nuevo hospital del organismo con 90 camas que sustituir\u00e1 a la actual cl\u00ednica \u201cPatricio Trueba de Regil\u201d, as\u00ed como otra Unidad M\u00e9dica Familiar con 12 consultorios.&nbsp;<\/p>\n<p>En la reuni\u00f3n de trabajo, celebrada en oficinas centrales de la instituci\u00f3n, Moreno C\u00e1rdenas tambi\u00e9n revis\u00f3 temas relacionados con la atenci\u00f3n m\u00e9dica que se brinda a los derechohabientes.<\/p>\n","protected":false},"excerpt":{"rendered":"<p>En la reuni\u00f3n de trabajo, celebrada en oficinas centrales de la instituci\u00f3n, Moreno C\u00e1rdenas tambi\u00e9n revis\u00f3 temas relacionados con la atenci\u00f3n m\u00e9dica<\/p>\n","protected":false},"author":1018,"featured_media":0,"comment_status":"open","ping_status":"open","sticky":false,"template":"","format":"standard","meta":{"tdm_status":"","tdm_grid_status":"","footnotes":""},"categories":[27],"tags":[],"_links":{"self":[{"href":"https:\/\/dralvarez.com.mx\/larevista\/wp-json\/wp\/v2\/posts\/70376"}],"collection":[{"href":"https:\/\/dralvarez.com.mx\/larevista\/wp-json\/wp\/v2\/posts"}],"about":[{"href":"https:\/\/dralvarez.com.mx\/larevista\/wp-json\/wp\/v2\/types\/post"}],"author":[{"embeddable":true,"href":"https:\/\/dralvarez.com.mx\/larevista\/wp-json\/wp\/v2\/users\/1018"}],"replies":[{"embeddable":true,"href":"https:\/\/dralvarez.com.mx\/larevista\/wp-json\/wp\/v2\/comments?post=70376"}],"version-history":[{"count":0,"href":"https:\/\/dralvarez.com.mx\/larevista\/wp-json\/wp\/v2\/posts\/70376\/revisions"}],"wp:attachment":[{"href":"https:\/\/dralvarez.com.mx\/larevista\/wp-json\/wp\/v2\/media?parent=70376"}],"wp:term":[{"taxonomy":"category","embeddable":true,"href":"https:\/\/dralvarez.com.mx\/larevista\/wp-json\/wp\/v2\/categories?post=70376"},{"taxonomy":"post_tag","embeddable":true,"href":"https:\/\/dralvarez.com.mx\/larevista\/wp-json\/wp\/v2\/tags?post=70376"}],"curies":[{"name":"wp","href":"https:\/\/api.w.org\/{rel}","templated":true}]}}