{"id":70332,"date":"2018-10-18T00:00:00","date_gmt":"2018-10-18T06:00:00","guid":{"rendered":"https:\/\/dralvarez.com.mx\/larevista\/blog\/inauguran-semana-de-ciencia-en-cobacam-de-candelaria-30449"},"modified":"2018-10-18T00:00:00","modified_gmt":"2018-10-18T06:00:00","slug":"inauguran-semana-de-ciencia-en-cobacam-de-candelaria-30449","status":"publish","type":"post","link":"https:\/\/dralvarez.com.mx\/larevista\/compeche\/inauguran-semana-de-ciencia-en-cobacam-de-candelaria-30449","title":{"rendered":"Inauguran semana de ciencia en COBACAM de candelaria"},"content":{"rendered":"<p>Al afirmar que es fundamental impulsar el conocimiento cient\u00edfico en la educaci\u00f3n, Rosario Celaya Ram\u00edrez, directora del Plantel 02 de Candelaria del Colegio de Bachilleres del Estado de Campeche (COBACAM), que dirige Adlemi Santiago Ram\u00edrez, inaugur\u00f3 la Feria de la Ciencia y la Tecnolog\u00eda con diversas actividades.<\/p>\n<p>Realizada en el marco de la Semana de la Ciencia y la Tecnolog\u00eda, como parte de las actividades se instal\u00f3 el Planetario M\u00f3vil, se llevaron a cabo conferencias y talleres con el tema: \u201cMeta Gen\u00f3mica para la producci\u00f3n de biocombustibles\u201d, y se conform\u00f3 el Club de Ciencias Galileanos, con la participaci\u00f3n de la Sociedad de Ciencia y Tecnolog\u00eda e investigaci\u00f3n Juvenil Campeche.<\/p>\n<p>Acompa\u00f1ada de C\u00e9sar G\u00f3ngora Brice\u00f1o, coordinador de la Zona Sur del COBACAM, dio la bienvenida a los participantes y destac\u00f3 que la Semana Nacional de Ciencia y Tecnolog\u00eda, promueve la ciencia como pilar del desarrollo econ\u00f3mico, cultural y social del estado.<\/p>\n<p>Subray\u00f3 que, por instrucciones de Santiago Ram\u00edrez, el COBACAM desarrolla en sus 37 centros educativos programas y actividades para fomentar el acceso a los conocimientos cient\u00edficos y tecnol\u00f3gicos de los alumnos, como constataron los investigadores, Yuri Pe\u00f1a Ram\u00edrez, bi\u00f3logo por la UNAM e investigador del ECOSUR; Guillermo Adri\u00e1n Chin Canch\u00e9, presidente del Comit\u00e9 Directivo Estatal de la Sociedad de Ciencia, Tecnolog\u00eda e Investigaci\u00f3n Juvenil Campeche y  el  delegado de Zona Sur, Abraham S\u00e1nchez Chan, entre otros asistentes.<\/p>\n<p>El a\u00f1o pasado, un grupo de alumnos del Plantel de Candelaria, que cuenta con una matr\u00edcula de 517 estudiantes, representaron a Campeche en la Semana de la Expociencia Nacional, que se realiz\u00f3 en Ensenada, Baja California, con su proyecto de \u201cCarne Vegetal para Hamburguesas\u201d, elaborado a base de la calabaza chigua de la regi\u00f3n y que fueron asesorados por el profesor Manuel Sol\u00eds<\/p>\n","protected":false},"excerpt":{"rendered":"<p>Se llevaron a cabo conferencias y talleres con el tema: \u201cMeta Gen\u00f3mica para la producci\u00f3n de biocombustibles\u201d<\/p>\n","protected":false},"author":1018,"featured_media":0,"comment_status":"open","ping_status":"open","sticky":false,"template":"","format":"standard","meta":{"tdm_status":"","tdm_grid_status":"","footnotes":""},"categories":[27],"tags":[],"_links":{"self":[{"href":"https:\/\/dralvarez.com.mx\/larevista\/wp-json\/wp\/v2\/posts\/70332"}],"collection":[{"href":"https:\/\/dralvarez.com.mx\/larevista\/wp-json\/wp\/v2\/posts"}],"about":[{"href":"https:\/\/dralvarez.com.mx\/larevista\/wp-json\/wp\/v2\/types\/post"}],"author":[{"embeddable":true,"href":"https:\/\/dralvarez.com.mx\/larevista\/wp-json\/wp\/v2\/users\/1018"}],"replies":[{"embeddable":true,"href":"https:\/\/dralvarez.com.mx\/larevista\/wp-json\/wp\/v2\/comments?post=70332"}],"version-history":[{"count":0,"href":"https:\/\/dralvarez.com.mx\/larevista\/wp-json\/wp\/v2\/posts\/70332\/revisions"}],"wp:attachment":[{"href":"https:\/\/dralvarez.com.mx\/larevista\/wp-json\/wp\/v2\/media?parent=70332"}],"wp:term":[{"taxonomy":"category","embeddable":true,"href":"https:\/\/dralvarez.com.mx\/larevista\/wp-json\/wp\/v2\/categories?post=70332"},{"taxonomy":"post_tag","embeddable":true,"href":"https:\/\/dralvarez.com.mx\/larevista\/wp-json\/wp\/v2\/tags?post=70332"}],"curies":[{"name":"wp","href":"https:\/\/api.w.org\/{rel}","templated":true}]}}