{"id":70291,"date":"2018-10-16T00:00:00","date_gmt":"2018-10-16T06:00:00","guid":{"rendered":"https:\/\/dralvarez.com.mx\/larevista\/blog\/encabeza-christelle-castanon-de-moreno-premiacion-del-concurso-de-munecas-campechanas-de-los-cdc-30402"},"modified":"2018-10-16T00:00:00","modified_gmt":"2018-10-16T06:00:00","slug":"encabeza-christelle-castanon-de-moreno-premiacion-del-concurso-de-munecas-campechanas-de-los-cdc-30402","status":"publish","type":"post","link":"https:\/\/dralvarez.com.mx\/larevista\/compeche\/encabeza-christelle-castanon-de-moreno-premiacion-del-concurso-de-munecas-campechanas-de-los-cdc-30402","title":{"rendered":"Encabeza Christelle Casta\u00f1\u00f3n De Moreno premiaci\u00f3n del concurso de mu\u00f1ecas campechanas de los CDC"},"content":{"rendered":"<p>\u201cAgradezco a los 29 Centros de Desarrollo Comunitario por su participaci\u00f3n alegre, emotiva y entusiasta en la elaboraci\u00f3n de mu\u00f1ecas campechanas, en el primer concurso que organizamos con el objetivo de fomentar nuestras hermosas tradiciones, para que todas las generaciones conozcan y se sientan orgullosos de ser campechanos\u201d, subray\u00f3 la presidenta del Patronato del Sistema Estatal para el Desarrollo Integral de la Familia (DIF), Christelle Casta\u00f1\u00f3n de Moreno.<\/p>\n<p>Durante la premiaci\u00f3n y exposici\u00f3n de los trabajos estuvo acompa\u00f1ada por las directoras general del SEDIF, Silvia Elena Parrao Arceo; de Desarrollo Familiar y Voluntariado, Sonia Castilla Trevi\u00f1o, el jurado calificador y las promotoras titulares de los Grupos de Participaci\u00f3n Ciudadana.<\/p>\n<p>El primer lugar fue para el CDC \u201cSan Francisco, Kob\u00e9n\u201d que representa la Administraci\u00f3n Portuaria Integral de Campeche (APICAM) a cargo de la promotora Luisa L\u00f3pez de Llergo Torralba de Manzanilla; el segundo para el de \u201cSan Antonio\u201d de Ariana L\u00f3pez de Castro, de la Comisi\u00f3n Estatal de Desarrollo de Suelo y Vivienda (CODESVI) y el tercero para el CDC \u201cEl Carmelo\u201d que coordina Leticia Baqueiro Guti\u00e9rrez de la Comisi\u00f3n de Agua Potable y Alcantarillado del Estado (CAPAE).<\/p>\n<p>En su mensaje, Casta\u00f1\u00f3n de Moreno destac\u00f3 la actividad voluntaria que llevan a cabo las promotoras y la importancia de los Centros como transformadores de vida de hombres y mujeres. Participaron los 29 CDC, haciendo muestra de una sana convivencia y trabajo en equipo de los alumnos de talleres artesanales como tejido, bordado, pintura y bisuter\u00eda.<\/p>\n<p>A nombre del jurado calificador, Mart\u00edn N\u00fa\u00f1ez P\u00e9rez, coordinador de artes visuales de la Secretaria de Cultura, felicit\u00f3 a todas las participantes por su creatividad. <\/p>\n<p><\/p>\n","protected":false},"excerpt":{"rendered":"<p>Agradezco a los 29 Centros de Desarrollo Comunitario por su participaci\u00f3n alegre, emotiva y entusiasta en la elaboraci\u00f3n de mu\u00f1ecas campechanas<\/p>\n","protected":false},"author":1018,"featured_media":0,"comment_status":"open","ping_status":"open","sticky":false,"template":"","format":"standard","meta":{"tdm_status":"","tdm_grid_status":"","footnotes":""},"categories":[27],"tags":[],"_links":{"self":[{"href":"https:\/\/dralvarez.com.mx\/larevista\/wp-json\/wp\/v2\/posts\/70291"}],"collection":[{"href":"https:\/\/dralvarez.com.mx\/larevista\/wp-json\/wp\/v2\/posts"}],"about":[{"href":"https:\/\/dralvarez.com.mx\/larevista\/wp-json\/wp\/v2\/types\/post"}],"author":[{"embeddable":true,"href":"https:\/\/dralvarez.com.mx\/larevista\/wp-json\/wp\/v2\/users\/1018"}],"replies":[{"embeddable":true,"href":"https:\/\/dralvarez.com.mx\/larevista\/wp-json\/wp\/v2\/comments?post=70291"}],"version-history":[{"count":0,"href":"https:\/\/dralvarez.com.mx\/larevista\/wp-json\/wp\/v2\/posts\/70291\/revisions"}],"wp:attachment":[{"href":"https:\/\/dralvarez.com.mx\/larevista\/wp-json\/wp\/v2\/media?parent=70291"}],"wp:term":[{"taxonomy":"category","embeddable":true,"href":"https:\/\/dralvarez.com.mx\/larevista\/wp-json\/wp\/v2\/categories?post=70291"},{"taxonomy":"post_tag","embeddable":true,"href":"https:\/\/dralvarez.com.mx\/larevista\/wp-json\/wp\/v2\/tags?post=70291"}],"curies":[{"name":"wp","href":"https:\/\/api.w.org\/{rel}","templated":true}]}}