{"id":70248,"date":"2018-10-16T00:00:00","date_gmt":"2018-10-16T06:00:00","guid":{"rendered":"https:\/\/dralvarez.com.mx\/larevista\/blog\/formacion-de-conocimiento-socioemocional-en-personal-docente-estrategia-para-generar-ambientes-escolares-sanos-medina-farfan-30359"},"modified":"2018-10-16T00:00:00","modified_gmt":"2018-10-16T06:00:00","slug":"formacion-de-conocimiento-socioemocional-en-personal-docente-estrategia-para-generar-ambientes-escolares-sanos-medina-farfan-30359","status":"publish","type":"post","link":"https:\/\/dralvarez.com.mx\/larevista\/compeche\/formacion-de-conocimiento-socioemocional-en-personal-docente-estrategia-para-generar-ambientes-escolares-sanos-medina-farfan-30359","title":{"rendered":"Formaci\u00f3n de conocimiento socioemocional  en personal docente, estrategia para generar ambientes escolares sanos: Medina Farf\u00e1n"},"content":{"rendered":"<p>\u201cTrabajar el aspecto socioemocional desde el personal frente a grupo para mejorar los ambientes escolares, permitir\u00e1 preparar a las ni\u00f1as, ni\u00f1os y j\u00f3venes para la vida actual, establecer relaciones de calidad con los dem\u00e1s, lo que derivar\u00e1 en mejores condiciones de vida en el mundo cambiante que nos est\u00e1 tocando vivir y que, con ello, se desenvuelvan con posibilidades de un mejor futuro tanto acad\u00e9mico como profesional\u201d asever\u00f3 el secretario de Educaci\u00f3n, Ricardo Medina Farf\u00e1n, al inaugurar la Jornada Estatal de Educaci\u00f3n Socioemocional.<\/p>\n<p>En el acto protocolario realizado en el Centro de Formaci\u00f3n y Evaluaci\u00f3n Docente del Estado de Campeche, ante los asistentes y autoridades presentes, Medina Farf\u00e1n puntualiz\u00f3 que esta actividad se llevar\u00e1 a cabo del 15 al 17 de octubre y capacitar\u00e1 a 820 docentes de escuelas p\u00fablicas de Educaci\u00f3n B\u00e1sica de toda la geograf\u00eda estatal.<\/p>\n<p> \u201cSi al final queremos propiciar desde las escuelas, habilidades que permitan desenvolver de manera integral las capacidades de ni\u00f1os y j\u00f3venes, ese desarrollo integral representa no s\u00f3lo darles un mayor conocimiento, sino tambi\u00e9n tocar esos elementos socioemocionales que son tan importantes y que requieren una atenci\u00f3n particular para que los alumnos sean resilientes y afronten las situaciones de una mejor manera; por ello tenemos que propiciar un entrenamiento de maestros, para que tengan las herramientas para hacer con mayor efectividad en el aspecto socioemocional, que es lo que se pretende con esta jornada\u201d se\u00f1al\u00f3.<\/p>\n<p>Medina Farf\u00e1n indic\u00f3 que en la actualidad el aspecto socioemocional es importante, por lo que las autoridades educativas lo consideraron dentro de la implementaci\u00f3n del nuevo modelo educativo como una asignatura de inter\u00e9s, esto ya que los j\u00f3venes est\u00e1n m\u00e1s expuestos a un sinf\u00edn circunstancias como problemas familiares, adicciones y otras situaciones negativas que afectan su desarrollo.<\/p>\n<p>El titular de la SEDUC asever\u00f3 que al concluir esta capacitaci\u00f3n se busca que los docentes tengan conocimientos para compartirlos con la comunidad educativa y anunci\u00f3 que ser\u00e1 una de las sucesivas acciones que se implementar\u00e1n para hacer del tema socioemocional en el sistema educativo de Campeche, una prioridad.<\/p>\n<p>En este evento se cont\u00f3 con la presencia Daniela Labra Cardero, directora General de la asociaci\u00f3n Atentamente Consultores, quien durante el uso de la palabra destac\u00f3 el inter\u00e9s por parte de las autoridades educativas locales por involucrarse en la preparaci\u00f3n del personal docente en un tema tan importante para propiciar espacios escolares m\u00e1s sanos.<\/p>\n<p>\u201cLos docentes son uno de los factores fundamentales para propiciar que los estudiantes se desarrollen como seres humanos integrales; la educaci\u00f3n socioemocional que se ofrece en las escuelas tiene como prop\u00f3sito que los alumnos integren en su vida conceptos, valores, actitudes y habilidades que les permitan comprender y manejar sus emociones para construir su propia identidad, generar empat\u00eda, colaborar y establecer relaciones interpersonales sanas y pac\u00edficas\u201d, dijo.<\/p>\n<p>Agreg\u00f3 que de esta manera las ni\u00f1as, ni\u00f1os y j\u00f3venes estar\u00e1n mejor preparados para alcanzar un estado socioemocional equilibrado que les permita consolidar su trayectoria educativa que se traduzca en el logro de aprendizajes significativos.<\/p>\n","protected":false},"excerpt":{"rendered":"<p>Inaugura Jornada Estatal de Educaci\u00f3n Socioemocional<\/p>\n","protected":false},"author":1018,"featured_media":0,"comment_status":"open","ping_status":"open","sticky":false,"template":"","format":"standard","meta":{"tdm_status":"","tdm_grid_status":"","footnotes":""},"categories":[27],"tags":[],"_links":{"self":[{"href":"https:\/\/dralvarez.com.mx\/larevista\/wp-json\/wp\/v2\/posts\/70248"}],"collection":[{"href":"https:\/\/dralvarez.com.mx\/larevista\/wp-json\/wp\/v2\/posts"}],"about":[{"href":"https:\/\/dralvarez.com.mx\/larevista\/wp-json\/wp\/v2\/types\/post"}],"author":[{"embeddable":true,"href":"https:\/\/dralvarez.com.mx\/larevista\/wp-json\/wp\/v2\/users\/1018"}],"replies":[{"embeddable":true,"href":"https:\/\/dralvarez.com.mx\/larevista\/wp-json\/wp\/v2\/comments?post=70248"}],"version-history":[{"count":0,"href":"https:\/\/dralvarez.com.mx\/larevista\/wp-json\/wp\/v2\/posts\/70248\/revisions"}],"wp:attachment":[{"href":"https:\/\/dralvarez.com.mx\/larevista\/wp-json\/wp\/v2\/media?parent=70248"}],"wp:term":[{"taxonomy":"category","embeddable":true,"href":"https:\/\/dralvarez.com.mx\/larevista\/wp-json\/wp\/v2\/categories?post=70248"},{"taxonomy":"post_tag","embeddable":true,"href":"https:\/\/dralvarez.com.mx\/larevista\/wp-json\/wp\/v2\/tags?post=70248"}],"curies":[{"name":"wp","href":"https:\/\/api.w.org\/{rel}","templated":true}]}}