{"id":70180,"date":"2018-10-12T00:00:00","date_gmt":"2018-10-12T06:00:00","guid":{"rendered":"https:\/\/dralvarez.com.mx\/larevista\/blog\/la-coordinacion-de-promocion-y-difusion-de-los-derechos-de-las-ninas-ninos-y-adolescentes-organizo-el-rally-a-favor-de-la-ninez-30290"},"modified":"2018-10-12T00:00:00","modified_gmt":"2018-10-12T06:00:00","slug":"la-coordinacion-de-promocion-y-difusion-de-los-derechos-de-las-ninas-ninos-y-adolescentes-organizo-el-rally-a-favor-de-la-ninez-30290","status":"publish","type":"post","link":"https:\/\/dralvarez.com.mx\/larevista\/compeche\/la-coordinacion-de-promocion-y-difusion-de-los-derechos-de-las-ninas-ninos-y-adolescentes-organizo-el-rally-a-favor-de-la-ninez-30290","title":{"rendered":"La coordinaci\u00f3n de  promoci\u00f3n y  difusi\u00f3n de los derechos de las  ni\u00f1as, ni\u00f1os y adolescentes, organiz\u00f3  el rally  a favor de la  ni\u00f1ez"},"content":{"rendered":"<p>Para promover la difusi\u00f3n de los derechos de las ni\u00f1as, ni\u00f1os y adolescentes en comunidades, disminuir sus riesgos psicosociales y fortalecer los factores protectores, la Procuradur\u00eda de Protecci\u00f3n de Ni\u00f1as, Ni\u00f1os y Adolescentes (PPNNA) a trav\u00e9s de la Coordinaci\u00f3n de Promoci\u00f3n y Difusi\u00f3n de los Derechos de las Ni\u00f1as, Ni\u00f1os y Adolescentes, (PRODIFDNNA) organiz\u00f3 el rally donde participaron m\u00e1s de 80 personas, entre padres de familia y sus hijos, de la comunidad de Chembl\u00e1s, municipio de Campeche.<\/p>\n<p>El rally fue coordinado por personal de PRODIFDNNA con las tem\u00e1ticas del embarazo a temprana edad, explotaci\u00f3n o abuso en diversas formas, as\u00ed como otras situaciones que pudieran atentar contra los derechos de la ni\u00f1ez.<\/p>\n<p>Los padres de familia participaron en esta din\u00e1mica en la que recibieron informaci\u00f3n \u00fatil para propiciar entornos de integraci\u00f3n familiar y comunitaria<\/p>\n","protected":false},"excerpt":{"rendered":"<p>Los padres de familia participaron en esta din\u00e1mica en la que recibieron informaci\u00f3n \u00fatil para propiciar entornos de integraci\u00f3n familiar y comunitari<\/p>\n","protected":false},"author":1018,"featured_media":0,"comment_status":"open","ping_status":"open","sticky":false,"template":"","format":"standard","meta":{"tdm_status":"","tdm_grid_status":"","footnotes":""},"categories":[27],"tags":[],"_links":{"self":[{"href":"https:\/\/dralvarez.com.mx\/larevista\/wp-json\/wp\/v2\/posts\/70180"}],"collection":[{"href":"https:\/\/dralvarez.com.mx\/larevista\/wp-json\/wp\/v2\/posts"}],"about":[{"href":"https:\/\/dralvarez.com.mx\/larevista\/wp-json\/wp\/v2\/types\/post"}],"author":[{"embeddable":true,"href":"https:\/\/dralvarez.com.mx\/larevista\/wp-json\/wp\/v2\/users\/1018"}],"replies":[{"embeddable":true,"href":"https:\/\/dralvarez.com.mx\/larevista\/wp-json\/wp\/v2\/comments?post=70180"}],"version-history":[{"count":0,"href":"https:\/\/dralvarez.com.mx\/larevista\/wp-json\/wp\/v2\/posts\/70180\/revisions"}],"wp:attachment":[{"href":"https:\/\/dralvarez.com.mx\/larevista\/wp-json\/wp\/v2\/media?parent=70180"}],"wp:term":[{"taxonomy":"category","embeddable":true,"href":"https:\/\/dralvarez.com.mx\/larevista\/wp-json\/wp\/v2\/categories?post=70180"},{"taxonomy":"post_tag","embeddable":true,"href":"https:\/\/dralvarez.com.mx\/larevista\/wp-json\/wp\/v2\/tags?post=70180"}],"curies":[{"name":"wp","href":"https:\/\/api.w.org\/{rel}","templated":true}]}}