{"id":70178,"date":"2018-10-12T00:00:00","date_gmt":"2018-10-12T06:00:00","guid":{"rendered":"https:\/\/dralvarez.com.mx\/larevista\/blog\/imparten-taller-jornada-intensiva-de-tutorias-en-el-cobacam-30288"},"modified":"2018-10-12T00:00:00","modified_gmt":"2018-10-12T06:00:00","slug":"imparten-taller-jornada-intensiva-de-tutorias-en-el-cobacam-30288","status":"publish","type":"post","link":"https:\/\/dralvarez.com.mx\/larevista\/compeche\/imparten-taller-jornada-intensiva-de-tutorias-en-el-cobacam-30288","title":{"rendered":"Imparten taller \u201cjornada intensiva de tutor\u00edas\u201d en el COBACAM"},"content":{"rendered":"<p>El Colegio de Bachilleres de Campeche (COBACAM), que dirige Adlemi Santiago Ram\u00edrez, imparti\u00f3 el taller denominado &#8220;Jornada Intensiva de Tutor\u00edas, en el marco del Servicio Profesional Docente&#8221;, en la sala de juntas de la dependencia. <\/p>\n<p>El curso fue impartido por el Prof. Fidel \u00c1ngel Torres Gonz\u00e1lez, del plantel 19 Lerma; con el objetivo de fortalecer el conocimiento para una educaci\u00f3n de calidad, con un total de 16 horas. <\/p>\n<p>En representaci\u00f3n de la Directora General del COBACAM, Adlemi Santiago Ram\u00edrez, Jos\u00e9 Sagundo Rodr\u00edguez, director Acad\u00e9mico y Gloria Castro Mena, directora de Educaci\u00f3n Continua de la instituci\u00f3n, dieron la bienvenida a los participantes. <\/p>\n<p>Durante la inauguraci\u00f3n de dicho taller, Sagundo Rodr\u00edguez mencion\u00f3 que la directora general busca la mejora continua de la educaci\u00f3n en la instituci\u00f3n a trav\u00e9s de estos talleres, apegados al Nuevo Modelo Educativo implement\u00e1ndose desde agosto del 2018.<\/p>\n<p>Por otra parte, Castro Mena en su oportunidad exhort\u00f3 a los docentes que aprovechen estos talleres, ya que la directora general siempre da la pauta y las facilidades para que est\u00e9n en constante formaci\u00f3n brind\u00e1ndoles las herramientas necesarias.<\/p>\n","protected":false},"excerpt":{"rendered":"<p>Taller denominado &#8220;Jornada Intensiva de Tutor\u00edas, en el marco del Servicio Profesional Docente&#8221;, en la sala de juntas de la dependencia.<\/p>\n","protected":false},"author":1018,"featured_media":0,"comment_status":"open","ping_status":"open","sticky":false,"template":"","format":"standard","meta":{"tdm_status":"","tdm_grid_status":"","footnotes":""},"categories":[27],"tags":[],"_links":{"self":[{"href":"https:\/\/dralvarez.com.mx\/larevista\/wp-json\/wp\/v2\/posts\/70178"}],"collection":[{"href":"https:\/\/dralvarez.com.mx\/larevista\/wp-json\/wp\/v2\/posts"}],"about":[{"href":"https:\/\/dralvarez.com.mx\/larevista\/wp-json\/wp\/v2\/types\/post"}],"author":[{"embeddable":true,"href":"https:\/\/dralvarez.com.mx\/larevista\/wp-json\/wp\/v2\/users\/1018"}],"replies":[{"embeddable":true,"href":"https:\/\/dralvarez.com.mx\/larevista\/wp-json\/wp\/v2\/comments?post=70178"}],"version-history":[{"count":0,"href":"https:\/\/dralvarez.com.mx\/larevista\/wp-json\/wp\/v2\/posts\/70178\/revisions"}],"wp:attachment":[{"href":"https:\/\/dralvarez.com.mx\/larevista\/wp-json\/wp\/v2\/media?parent=70178"}],"wp:term":[{"taxonomy":"category","embeddable":true,"href":"https:\/\/dralvarez.com.mx\/larevista\/wp-json\/wp\/v2\/categories?post=70178"},{"taxonomy":"post_tag","embeddable":true,"href":"https:\/\/dralvarez.com.mx\/larevista\/wp-json\/wp\/v2\/tags?post=70178"}],"curies":[{"name":"wp","href":"https:\/\/api.w.org\/{rel}","templated":true}]}}