{"id":70133,"date":"2018-10-11T00:00:00","date_gmt":"2018-10-11T06:00:00","guid":{"rendered":"https:\/\/dralvarez.com.mx\/larevista\/blog\/capacita-seduc-a-agentes-educativos-de-educacion-inicial-30240"},"modified":"2018-10-11T00:00:00","modified_gmt":"2018-10-11T06:00:00","slug":"capacita-seduc-a-agentes-educativos-de-educacion-inicial-30240","status":"publish","type":"post","link":"https:\/\/dralvarez.com.mx\/larevista\/compeche\/capacita-seduc-a-agentes-educativos-de-educacion-inicial-30240","title":{"rendered":"Capacita SEDUC a agentes educativos de educaci\u00f3n inicial"},"content":{"rendered":"<p>La Secretar\u00eda de Educaci\u00f3n del Estado (SEDUC), a trav\u00e9s del departamento de Educaci\u00f3n Inicial, realiz\u00f3 el taller \u201cLa importancia del sostenimiento afectivo y la crianza compartida\u201d, con el objetivo de fortalecer el trabajo de los agentes educativos de este nivel, y mejorar su v\u00ednculo con los ni\u00f1os y ni\u00f1as que atienden.<\/p>\n<p>La titular de este departamento, Cecilia Orteg\u00f3n Ruiz, indic\u00f3 que esta capacitaci\u00f3n forma parte del proceso de mejora continua del programa de Educaci\u00f3n Inicial, a fin de impulsar el sostenimiento afectivo de las docentes y asistentes, y atendi\u00f3 en esta ocasi\u00f3n a 30 personas.<\/p>\n<p>\u201cEstas acciones nos permiten a nosotros como autoridad, proveer a los agentes de los elementos necesarios para que establezcan un mayor v\u00ednculo desde la primera infancia, mejorar sus pr\u00e1cticas de crianza, bas\u00e1ndose primordialmente en el respeto al ni\u00f1o, trat\u00e1ndolo como eje principal de su actividad diaria\u201d, acot\u00f3.<\/p>\n<p>La funcionaria de la SEDUC detall\u00f3 que este curso fue impartido por personal de Centros de Desarrollo Infantil (CENDI), a agentes educativos (docentes y asistentes de educaci\u00f3n inicial) de CENDIs particulares y federales; las actividades que se realizaron fueron enfocadas a la reflexi\u00f3n de sus pr\u00e1cticas, c\u00f3mo propiciar un ambiente \u00f3ptimo para el arrullo de los menores, as\u00ed como diversas acciones l\u00fadicas para aplicar en las aulas.<\/p>\n<p>Esta reuni\u00f3n fue desarrollada en la sala de educadores de la SEDUC y particip\u00f3 personal de los municipios de Campeche, Calkin\u00ed y Esc\u00e1rcega, y pr\u00f3ximamente ser\u00e1 replicado en Ciudad del Carmen.<\/p>\n","protected":false},"excerpt":{"rendered":"<p>La Secretar\u00eda de Educaci\u00f3n del Estad, a trav\u00e9s del departamento de Educaci\u00f3n Inicial, realiz\u00f3 el taller \u201cLa importancia del sostenimiento afectivo y l<\/p>\n","protected":false},"author":1018,"featured_media":0,"comment_status":"open","ping_status":"open","sticky":false,"template":"","format":"standard","meta":{"tdm_status":"","tdm_grid_status":"","footnotes":""},"categories":[27],"tags":[],"_links":{"self":[{"href":"https:\/\/dralvarez.com.mx\/larevista\/wp-json\/wp\/v2\/posts\/70133"}],"collection":[{"href":"https:\/\/dralvarez.com.mx\/larevista\/wp-json\/wp\/v2\/posts"}],"about":[{"href":"https:\/\/dralvarez.com.mx\/larevista\/wp-json\/wp\/v2\/types\/post"}],"author":[{"embeddable":true,"href":"https:\/\/dralvarez.com.mx\/larevista\/wp-json\/wp\/v2\/users\/1018"}],"replies":[{"embeddable":true,"href":"https:\/\/dralvarez.com.mx\/larevista\/wp-json\/wp\/v2\/comments?post=70133"}],"version-history":[{"count":0,"href":"https:\/\/dralvarez.com.mx\/larevista\/wp-json\/wp\/v2\/posts\/70133\/revisions"}],"wp:attachment":[{"href":"https:\/\/dralvarez.com.mx\/larevista\/wp-json\/wp\/v2\/media?parent=70133"}],"wp:term":[{"taxonomy":"category","embeddable":true,"href":"https:\/\/dralvarez.com.mx\/larevista\/wp-json\/wp\/v2\/categories?post=70133"},{"taxonomy":"post_tag","embeddable":true,"href":"https:\/\/dralvarez.com.mx\/larevista\/wp-json\/wp\/v2\/tags?post=70133"}],"curies":[{"name":"wp","href":"https:\/\/api.w.org\/{rel}","templated":true}]}}