{"id":70132,"date":"2018-10-11T00:00:00","date_gmt":"2018-10-11T06:00:00","guid":{"rendered":"https:\/\/dralvarez.com.mx\/larevista\/blog\/imparten-curso-de-redaccion-con-enfoque-de-genero-a-empleados-del-gobierno-del-estado-30239"},"modified":"2018-10-11T00:00:00","modified_gmt":"2018-10-11T06:00:00","slug":"imparten-curso-de-redaccion-con-enfoque-de-genero-a-empleados-del-gobierno-del-estado-30239","status":"publish","type":"post","link":"https:\/\/dralvarez.com.mx\/larevista\/compeche\/imparten-curso-de-redaccion-con-enfoque-de-genero-a-empleados-del-gobierno-del-estado-30239","title":{"rendered":"Imparten curso de redacci\u00f3n con enfoque de g\u00e9nero a empleados del gobierno del estado"},"content":{"rendered":"<p>Servidores p\u00fablicos de distintas dependencias y organismos de la Administraci\u00f3n P\u00fablica Estatal participaron en el taller de redacci\u00f3n con enfoque de g\u00e9nero, impartido en el \u00e1rea de Capacitaci\u00f3n de la Secretar\u00eda de Administraci\u00f3n e Innovaci\u00f3n Gubernamental (SAIG), durante 10 horas recibieron herramientas que les permitir\u00e1n incorporar el tema de la inclusi\u00f3n en toda la comunicaci\u00f3n y actividad en el \u00e1mbito del trabajo profesional dentro de la Administraci\u00f3n P\u00fablica.<\/p>\n<p>En este taller impartido en la Direcci\u00f3n de Capacitaci\u00f3n y Desarrollo Administrativo de la SAIG por Mar\u00eda Cecilia Liotti, Maestra en Ciencia Pol\u00edtica por la Universidad MCGill de Canad\u00e1, se habl\u00f3 de la importancia de la comprensi\u00f3n del lenguaje incluyente no sexista, que promuevan relaciones de respeto e igualdad entre los g\u00e9neros, as\u00ed como poder diferenciar el lenguaje inclusivo y el discriminatorio con la finalidad de prevenir la violencia y discriminaci\u00f3n mediante el lenguaje incluyente.<\/p>\n<p>Con este tipo de cursos le Secretar\u00eda de Administraci\u00f3n e Innovaci\u00f3n Gubernamental aborda temas establecidos en el Plan Estatal de Desarrollo 2015-2021 del Gobernador Alejandro Moreno C\u00e1rdenas en el eje transversal de perspectiva de g\u00e9nero en el que se capacita al servidor p\u00fablico en estos temas y se les brinda las herramientas para que se desarrolle y aplique el tema de inclusi\u00f3n del enfoque de g\u00e9nero en la Administraci\u00f3n P\u00fablica.<\/p>\n<p><\/p>\n","protected":false},"excerpt":{"rendered":"<p>Servidores p\u00fablicos de distintas dependencias y organismos de la Administraci\u00f3n P\u00fablica Estatal participaron en el taller de redacci\u00f3n con enfoque de<\/p>\n","protected":false},"author":1018,"featured_media":0,"comment_status":"open","ping_status":"open","sticky":false,"template":"","format":"standard","meta":{"tdm_status":"","tdm_grid_status":"","footnotes":""},"categories":[27],"tags":[],"_links":{"self":[{"href":"https:\/\/dralvarez.com.mx\/larevista\/wp-json\/wp\/v2\/posts\/70132"}],"collection":[{"href":"https:\/\/dralvarez.com.mx\/larevista\/wp-json\/wp\/v2\/posts"}],"about":[{"href":"https:\/\/dralvarez.com.mx\/larevista\/wp-json\/wp\/v2\/types\/post"}],"author":[{"embeddable":true,"href":"https:\/\/dralvarez.com.mx\/larevista\/wp-json\/wp\/v2\/users\/1018"}],"replies":[{"embeddable":true,"href":"https:\/\/dralvarez.com.mx\/larevista\/wp-json\/wp\/v2\/comments?post=70132"}],"version-history":[{"count":0,"href":"https:\/\/dralvarez.com.mx\/larevista\/wp-json\/wp\/v2\/posts\/70132\/revisions"}],"wp:attachment":[{"href":"https:\/\/dralvarez.com.mx\/larevista\/wp-json\/wp\/v2\/media?parent=70132"}],"wp:term":[{"taxonomy":"category","embeddable":true,"href":"https:\/\/dralvarez.com.mx\/larevista\/wp-json\/wp\/v2\/categories?post=70132"},{"taxonomy":"post_tag","embeddable":true,"href":"https:\/\/dralvarez.com.mx\/larevista\/wp-json\/wp\/v2\/tags?post=70132"}],"curies":[{"name":"wp","href":"https:\/\/api.w.org\/{rel}","templated":true}]}}