{"id":70108,"date":"2018-10-10T00:00:00","date_gmt":"2018-10-10T06:00:00","guid":{"rendered":"https:\/\/dralvarez.com.mx\/larevista\/blog\/christelle-castanon-de-moreno-inauguro-dos-espacios-de-alimentacion-en-el-municipio-de-candelaria-para-beneficio-de-las-personas-vulnerables-30214"},"modified":"2018-10-10T00:00:00","modified_gmt":"2018-10-10T06:00:00","slug":"christelle-castanon-de-moreno-inauguro-dos-espacios-de-alimentacion-en-el-municipio-de-candelaria-para-beneficio-de-las-personas-vulnerables-30214","status":"publish","type":"post","link":"https:\/\/dralvarez.com.mx\/larevista\/compeche\/christelle-castanon-de-moreno-inauguro-dos-espacios-de-alimentacion-en-el-municipio-de-candelaria-para-beneficio-de-las-personas-vulnerables-30214","title":{"rendered":"Christelle Casta\u00f1\u00f3n De Moreno inaugur\u00f3 dos espacios de alimentaci\u00f3n en el municipio de candelaria, para beneficio de las personas vulnerables"},"content":{"rendered":"<p>\u201cLos Espacios de Alimentaci\u00f3n Encuentro y Desarrollo Comunitario, que inauguramos junto con ustedes, son logros que se concretaron con el apoyo del Gobierno Federal, para que sus hijos reciban todos los d\u00edas sus desayunos en instalaciones nuevas, dignas y funcionales\u201d, subray\u00f3, la Presidenta del Patronato del DIF Estatal, Christelle Casta\u00f1\u00f3n de Moreno, en la gira de trabajo por el municipio de Candelaria, promoviendo el programa de dignificaci\u00f3n de Espacios, que impulsa el Gobernador del Estado, Alejandro Moreno C\u00e1rdenas.<\/p>\n<p>Estas dignificaciones, benefician a m\u00e1s de 200 personas y son producto del esfuerzo conjunto encabezado por el Gobernador del Estado, para que los programas asistenciales, lleguen a m\u00e1s comunidades apartadas. La inversi\u00f3n ejercida fue de un mill\u00f3n 420 mil 382 pesos.<\/p>\n<p>Casta\u00f1\u00f3n de Moreno, signific\u00f3 que la dignificaci\u00f3n, es una transformaci\u00f3n plena, al poder contar con espacios seguros que tengan el equipo y mobiliario necesario para su funcionamiento, agradeci\u00f3 de igual manera, el compromiso de las mam\u00e1s al preparar todos los d\u00edas los alimentos.<\/p>\n<p>Asimismo, extern\u00f3 su reconocimiento al Presidente de la Rep\u00fablica; Enrique Pe\u00f1a Nieto y a su esposa Ang\u00e9lica Rivera de Pe\u00f1a, por su compromiso de apoyar a los grupos vulnerables.<\/p>\n<p>El primer Espacio de Alimentaci\u00f3n Encuentro y Desarrollo Comunitario, inaugurado fue \u201cLos Chiquitines\u201d en la comunidad de \u201cSan Jos\u00e9 de la Monta\u00f1a\u201d. Su coordinadora Elizabeth Torres L\u00f3pez, recibi\u00f3 equipo y mobiliario para el mejor funcionamiento del Espacio. Y el segundo Espacio dignificado fue \u201cLa Esperanza de los Ni\u00f1os\u201d en la comunidad Campo la Olla.<\/p>\n<p>En cada comunidad, los ni\u00f1os recibieron el \u201cplato del bien comer\u201d y juguetes que les entreg\u00f3 la Presidenta del Patronato del DIF Estatal, Christelle Casta\u00f1\u00f3n de Moreno, acompa\u00f1ada por la Directora de Asistencia Alimentaria y Desarrollo Comunitario, Ruth Ebergenyi; el Subsecretario de la Zona Sur, Luis Humberto Valenzuela y las autoridades municipales.<\/p>\n","protected":false},"excerpt":{"rendered":"<p>Ambos Espacios de Alimentaci\u00f3n Encuentro y Desarrollo Comunitario, tuvieron inversi\u00f3n de un mill\u00f3n 420 mil 382 pesos y benefician a m\u00e1s de 200 persona<\/p>\n","protected":false},"author":1018,"featured_media":0,"comment_status":"open","ping_status":"open","sticky":false,"template":"","format":"standard","meta":{"tdm_status":"","tdm_grid_status":"","footnotes":""},"categories":[27],"tags":[],"_links":{"self":[{"href":"https:\/\/dralvarez.com.mx\/larevista\/wp-json\/wp\/v2\/posts\/70108"}],"collection":[{"href":"https:\/\/dralvarez.com.mx\/larevista\/wp-json\/wp\/v2\/posts"}],"about":[{"href":"https:\/\/dralvarez.com.mx\/larevista\/wp-json\/wp\/v2\/types\/post"}],"author":[{"embeddable":true,"href":"https:\/\/dralvarez.com.mx\/larevista\/wp-json\/wp\/v2\/users\/1018"}],"replies":[{"embeddable":true,"href":"https:\/\/dralvarez.com.mx\/larevista\/wp-json\/wp\/v2\/comments?post=70108"}],"version-history":[{"count":0,"href":"https:\/\/dralvarez.com.mx\/larevista\/wp-json\/wp\/v2\/posts\/70108\/revisions"}],"wp:attachment":[{"href":"https:\/\/dralvarez.com.mx\/larevista\/wp-json\/wp\/v2\/media?parent=70108"}],"wp:term":[{"taxonomy":"category","embeddable":true,"href":"https:\/\/dralvarez.com.mx\/larevista\/wp-json\/wp\/v2\/categories?post=70108"},{"taxonomy":"post_tag","embeddable":true,"href":"https:\/\/dralvarez.com.mx\/larevista\/wp-json\/wp\/v2\/tags?post=70108"}],"curies":[{"name":"wp","href":"https:\/\/api.w.org\/{rel}","templated":true}]}}