{"id":70107,"date":"2018-10-10T00:00:00","date_gmt":"2018-10-10T06:00:00","guid":{"rendered":"https:\/\/dralvarez.com.mx\/larevista\/blog\/expo-manos-creativas-reconocido-foro-a-nivel-nacional-30213"},"modified":"2018-10-10T00:00:00","modified_gmt":"2018-10-10T06:00:00","slug":"expo-manos-creativas-reconocido-foro-a-nivel-nacional-30213","status":"publish","type":"post","link":"https:\/\/dralvarez.com.mx\/larevista\/compeche\/expo-manos-creativas-reconocido-foro-a-nivel-nacional-30213","title":{"rendered":"Expo manos creativas, reconocido foro a nivel nacional"},"content":{"rendered":"<\/p>\n<p>Teniendo como prioridad promover una cultura laboral de emprendimiento,<br \/>\nque incluya capacitaci\u00f3n y promoci\u00f3n del autoempleo, Expo Manos Creativas,<br \/>\nrealizada del 21 al 22 de septiembre, cumpli\u00f3 las metas trazadas al contar con<br \/>\nuna afluencia durante los tres d\u00edas de 22 mil 570 personas y una derrama<br \/>\necon\u00f3mica de aproximadamente 2 millones 100 pesos, as\u00ed lo inform\u00f3 el director<br \/>\ngeneral del Instituto de Capacitaci\u00f3n para el Trabajo del Estado de Campeche (ICATCAM),<br \/>\nCarlos Ortiz Pi\u00f1era, durante la conferencia de prensa ofrecida en la Sala de<br \/>\nGobernadores del Palacio de Gobierno. &nbsp; &nbsp; &nbsp;  <\/p>\n<p>Especific\u00f3, pese a que el objetivo principal es impartir capacitaci\u00f3n,<br \/>\nexhibici\u00f3n de productos y servicios, tambi\u00e9n se lleva a cabo la<br \/>\ncomercializaci\u00f3n de los mismos para beneficio de las empresas locales y<br \/>\nnacionales que acuden a\u00f1o con a\u00f1o a esta magna exposici\u00f3n.<\/p>\n<p>\u201cPor el transcurso de 19 a\u00f1os, Expo Manos Creativas ha sido un referente<br \/>\nentre la sociedad, y su buena aceptaci\u00f3n permite analizar la posibilidad para<br \/>\nque en el 2019 se organicen dos eventos, donde se incluir\u00eda al municipio de Carmen<br \/>\npara su realizaci\u00f3n\u201d, declar\u00f3 Ortiz Pi\u00f1era.<\/p>\n<p>El ICATCAM particip\u00f3 con sus 11 unidades de capacitaci\u00f3n, donde los<br \/>\nalumnos e instructores ofertaron sus productos y cursos; as\u00ed como tambi\u00e9n se<br \/>\nbrindaron clases muestra de ingl\u00e9s y capacitaci\u00f3n de forma gratuita en las<br \/>\n\u00e1reas de gastronom\u00eda, artesan\u00edas, belleza y bienestar personal, nutrici\u00f3n y<br \/>\npl\u00e1ticas para emprender un negocio, beneficiando a 379 personas.<\/p>\n<p>El Director General del ICATCAM recalc\u00f3 que Expo<br \/>\nManos Creativas es un reconocido foro a nivel nacional, para dar a conocer los<br \/>\nprogramas de capacitaci\u00f3n que actualmente se impulsan para fomento de la<br \/>\ncreaci\u00f3n de mircoempresas, profesionalizaci\u00f3n de oficios y autoempleo.<\/p>\n<p><\/p>\n","protected":false},"excerpt":{"rendered":"<p>Teniendo como prioridad promover una cultura laboral de emprendimiento<\/p>\n","protected":false},"author":1018,"featured_media":0,"comment_status":"open","ping_status":"open","sticky":false,"template":"","format":"standard","meta":{"tdm_status":"","tdm_grid_status":"","footnotes":""},"categories":[27],"tags":[],"_links":{"self":[{"href":"https:\/\/dralvarez.com.mx\/larevista\/wp-json\/wp\/v2\/posts\/70107"}],"collection":[{"href":"https:\/\/dralvarez.com.mx\/larevista\/wp-json\/wp\/v2\/posts"}],"about":[{"href":"https:\/\/dralvarez.com.mx\/larevista\/wp-json\/wp\/v2\/types\/post"}],"author":[{"embeddable":true,"href":"https:\/\/dralvarez.com.mx\/larevista\/wp-json\/wp\/v2\/users\/1018"}],"replies":[{"embeddable":true,"href":"https:\/\/dralvarez.com.mx\/larevista\/wp-json\/wp\/v2\/comments?post=70107"}],"version-history":[{"count":0,"href":"https:\/\/dralvarez.com.mx\/larevista\/wp-json\/wp\/v2\/posts\/70107\/revisions"}],"wp:attachment":[{"href":"https:\/\/dralvarez.com.mx\/larevista\/wp-json\/wp\/v2\/media?parent=70107"}],"wp:term":[{"taxonomy":"category","embeddable":true,"href":"https:\/\/dralvarez.com.mx\/larevista\/wp-json\/wp\/v2\/categories?post=70107"},{"taxonomy":"post_tag","embeddable":true,"href":"https:\/\/dralvarez.com.mx\/larevista\/wp-json\/wp\/v2\/tags?post=70107"}],"curies":[{"name":"wp","href":"https:\/\/api.w.org\/{rel}","templated":true}]}}