{"id":70061,"date":"2018-10-09T00:00:00","date_gmt":"2018-10-09T06:00:00","guid":{"rendered":"https:\/\/dralvarez.com.mx\/larevista\/blog\/gobernador-amc-participa-en-presentacion-del-fiajt-2018-campeche-es-estado-invitado-30165"},"modified":"2018-10-09T00:00:00","modified_gmt":"2018-10-09T06:00:00","slug":"gobernador-amc-participa-en-presentacion-del-fiajt-2018-campeche-es-estado-invitado-30165","status":"publish","type":"post","link":"https:\/\/dralvarez.com.mx\/larevista\/compeche\/gobernador-amc-participa-en-presentacion-del-fiajt-2018-campeche-es-estado-invitado-30165","title":{"rendered":"Gobernador AMC participa en presentaci\u00f3n del FIAJT 2018; Campeche es estado invitado"},"content":{"rendered":"<p>SALTILLO, Coahuila-. El gobernador Alejandro Moreno C\u00e1rdenas encabez\u00f3 junto con su hom\u00f3logo de Coahuila, Miguel \u00c1ngel Riquelme Sol\u00eds, la ceremonia de presentaci\u00f3n de la XVII edici\u00f3n del Festival Internacional de las Artes Julio Torri Coahuila 2018, donde Campeche participa como estado invitado.<\/p>\n<p>En el patio central del palacio de gobierno de esta entidad del norte del pa\u00eds, Moreno C\u00e1rdenas agradeci\u00f3 que Campeche haya sido distinguido como estado invitado en esta importante muestra internacional que se llevar\u00e1 a cabo del 10 al 28 del presente mes, ya que habr\u00e1 la oportunidad de mostrar un pedacito de lo que es el pueblo campechano y la riqueza hist\u00f3rica, cultural, gastron\u00f3mica y artesanal que posee.<\/p>\n<p>\u201cTendr\u00e1n la oportunidad de conocer el rostro y el car\u00e1cter del pueblo, a trav\u00e9s de los dulces campechanos, del folclor, las artesanias hechas por las manos m\u00e1gicas de nuestros hombres y mujeres; Campeche es Patrimonio Mixto de la Humanidad por la antigua ciudad  maya de Calakmul y sus bosques tropicales; es Patrimonio Cultural de la Humanidad por la ciudad y puerto de San Francisco de Campeche, pero sobre todo es patrimonio de todos los mexicanos\u201d, subray\u00f3.<\/p>\n<p>A los m\u00e1s de 200 invitados a la ceremonia, el mandatario los conmin\u00f3 a sentirse orgullosos de ser mexicanos y a trabajar todos los d\u00edas para construir un pa\u00eds de mejores oportunidades.<\/p>\n<p>Enfatiz\u00f3 que M\u00e9xico siempre valora la creatividad y el pensamiento de sus artistas, reconoce el empe\u00f1o y la dedicacion de todos y cada uno de ellos, por lo que es una las naciones con mayor fortaleza cultural de todo el mundo.<\/p>\n<p>Durante el evento, se proyect\u00f3 un video del FIAJT 2018 y se present\u00f3 la banda municipal de M\u00fazquiz y el Gran Ballet Folcl\u00f3rico de Campeche. <\/p>\n<p>La participaci\u00f3n de Campeche como estado invitado contempla una muestra gastron\u00f3mica de dulces t\u00edpicos, las presentaciones del Gran Ballet Folkl\u00f3rico de Campeche; de los libros Calakmul, Coraz\u00f3n de Jade; Imaginarte a las Estrellas, y Artesan\u00edas de Campeche: Expresi\u00f3n viva de nuestras ra\u00edces, as\u00ed como del grupo de jazz fusi\u00f3n Xam\u00e1n y de La Romanza Campeche.<\/p>\n<p>El festival internacional contiene una extensa cartelera que incluye 190 actividades y dos mil 38 artistas, entre los que se encuentran Fernando de la Mora, Gonzalo Romeu (pianista) con el Tr\u00edo los Panchos y Mariachi Gama 1000, Susana Zabaleta, Regina Orozco, Alejandra Robles, la banda La Mula de Sietes y Bule Bule, El Show, entre otros.<\/p>\n<p>Asistieron a la presentaci\u00f3n, el director general de Vinculaci\u00f3n con los Estados de la Secretar\u00eda de Cultura federal, Antonio Crestani, y los secretarios de Cultura de Campeche, Delio Carrillo P\u00e9rez, y de Coahuila, Ana Garc\u00eda Camil, entre otras autotidades.<\/p>\n","protected":false},"excerpt":{"rendered":"<p>Durante el evento, se proyect\u00f3 un video del FIAJT 2018 y se present\u00f3 la banda municipal de M\u00fazquiz y el Gran Ballet Folcl\u00f3rico de Campeche.<\/p>\n","protected":false},"author":1018,"featured_media":0,"comment_status":"open","ping_status":"open","sticky":false,"template":"","format":"standard","meta":{"tdm_status":"","tdm_grid_status":"","footnotes":""},"categories":[27],"tags":[],"_links":{"self":[{"href":"https:\/\/dralvarez.com.mx\/larevista\/wp-json\/wp\/v2\/posts\/70061"}],"collection":[{"href":"https:\/\/dralvarez.com.mx\/larevista\/wp-json\/wp\/v2\/posts"}],"about":[{"href":"https:\/\/dralvarez.com.mx\/larevista\/wp-json\/wp\/v2\/types\/post"}],"author":[{"embeddable":true,"href":"https:\/\/dralvarez.com.mx\/larevista\/wp-json\/wp\/v2\/users\/1018"}],"replies":[{"embeddable":true,"href":"https:\/\/dralvarez.com.mx\/larevista\/wp-json\/wp\/v2\/comments?post=70061"}],"version-history":[{"count":0,"href":"https:\/\/dralvarez.com.mx\/larevista\/wp-json\/wp\/v2\/posts\/70061\/revisions"}],"wp:attachment":[{"href":"https:\/\/dralvarez.com.mx\/larevista\/wp-json\/wp\/v2\/media?parent=70061"}],"wp:term":[{"taxonomy":"category","embeddable":true,"href":"https:\/\/dralvarez.com.mx\/larevista\/wp-json\/wp\/v2\/categories?post=70061"},{"taxonomy":"post_tag","embeddable":true,"href":"https:\/\/dralvarez.com.mx\/larevista\/wp-json\/wp\/v2\/tags?post=70061"}],"curies":[{"name":"wp","href":"https:\/\/api.w.org\/{rel}","templated":true}]}}