{"id":70058,"date":"2018-10-09T00:00:00","date_gmt":"2018-10-09T06:00:00","guid":{"rendered":"https:\/\/dralvarez.com.mx\/larevista\/blog\/capacitacion-para-la-administracion-organizacion-y-conservacion-de-archivos-30162"},"modified":"2018-10-09T00:00:00","modified_gmt":"2018-10-09T06:00:00","slug":"capacitacion-para-la-administracion-organizacion-y-conservacion-de-archivos-30162","status":"publish","type":"post","link":"https:\/\/dralvarez.com.mx\/larevista\/compeche\/capacitacion-para-la-administracion-organizacion-y-conservacion-de-archivos-30162","title":{"rendered":"Capacitaci\u00f3n para la administraci\u00f3n,  organizaci\u00f3n y conservaci\u00f3n de archivos"},"content":{"rendered":"<\/p>\n<p>El Archivo General del Estado de Campeche<br \/>\nrealiz\u00f3 en sus instalaciones la capacitaci\u00f3n para la Administraci\u00f3n,<br \/>\nOrganizaci\u00f3n y Conservaci\u00f3n de Archivos, dirigido al personal de la Secretar\u00eda<br \/>\ndel Trabajo y Previsi\u00f3n Social (STPSCAM) y de la Comisi\u00f3n Estatal de Desarrollo<br \/>\nde Suelo y Vivienda (CODESVI).<\/p>\n<p>El objetivo es la introducci\u00f3n de algunos<br \/>\nconceptos generales en materia archiv\u00edstica, disposiciones legales,<br \/>\nadministraci\u00f3n, organizaci\u00f3n y conservaci\u00f3n de archivos en el marco de la<br \/>\npromulgaci\u00f3n de la Ley General de Archivos y de lo que ser\u00e1 su entrada en vigor.<\/p>\n<p>El Titular del Archivo General, Lic.<br \/>\nAlberto Ceballos Gonz\u00e1lez, agradeci\u00f3 el inter\u00e9s de los  asistentes de ambas dependencias, ya que con<br \/>\nesta acci\u00f3n ratifican su compromiso con la transparencia  y la rendici\u00f3n de cuentas como un derecho a<br \/>\nla verdad, como el valor agregado que aportan los archivos, as\u00ed como el derecho<br \/>\na la memoria en la conservaci\u00f3n de los documentos que por su valor hist\u00f3rico<br \/>\ndeben de permanecer disponibles para la consulta p\u00fablica.<\/p>\n<p>Asimismo destac\u00f3 la importancia de la<br \/>\nentrada en vigor de la referida Ley General, como importante logro en materia<br \/>\narchiv\u00edstica despu\u00e9s de tres a\u00f1os de intenso trabajo en tres encuentros nacionales,<br \/>\nde los cuales uno se realiz\u00f3 en nuestra ciudad capital.<\/p>\n<p>As\u00ed tambi\u00e9n la labor en las comparecencias<br \/>\nen el Senado de la Rep\u00fablica y aportes a trav\u00e9s de la Representaci\u00f3n Nacional<br \/>\nque orgullosamente ostenta el Estado de Campeche ante el Consejo Nacional de<br \/>\nArchivos, como \u00f3rgano rector de la archiv\u00edstica en M\u00e9xico, gracias al gran<br \/>\nrespaldo y compromiso demostrado por el Gobernador Alejandro Moreno C\u00e1rdenas<br \/>\ncon el Archivo General del Estado de Campeche.<\/p><\/p>\n","protected":false},"excerpt":{"rendered":"<p>El Titular del Archivo General, Lic. Alberto Ceballos Gonz\u00e1lez, agradeci\u00f3 el inter\u00e9s de los  asistentes de ambas dependencias<\/p>\n","protected":false},"author":1018,"featured_media":0,"comment_status":"open","ping_status":"open","sticky":false,"template":"","format":"standard","meta":{"tdm_status":"","tdm_grid_status":"","footnotes":""},"categories":[27],"tags":[],"_links":{"self":[{"href":"https:\/\/dralvarez.com.mx\/larevista\/wp-json\/wp\/v2\/posts\/70058"}],"collection":[{"href":"https:\/\/dralvarez.com.mx\/larevista\/wp-json\/wp\/v2\/posts"}],"about":[{"href":"https:\/\/dralvarez.com.mx\/larevista\/wp-json\/wp\/v2\/types\/post"}],"author":[{"embeddable":true,"href":"https:\/\/dralvarez.com.mx\/larevista\/wp-json\/wp\/v2\/users\/1018"}],"replies":[{"embeddable":true,"href":"https:\/\/dralvarez.com.mx\/larevista\/wp-json\/wp\/v2\/comments?post=70058"}],"version-history":[{"count":0,"href":"https:\/\/dralvarez.com.mx\/larevista\/wp-json\/wp\/v2\/posts\/70058\/revisions"}],"wp:attachment":[{"href":"https:\/\/dralvarez.com.mx\/larevista\/wp-json\/wp\/v2\/media?parent=70058"}],"wp:term":[{"taxonomy":"category","embeddable":true,"href":"https:\/\/dralvarez.com.mx\/larevista\/wp-json\/wp\/v2\/categories?post=70058"},{"taxonomy":"post_tag","embeddable":true,"href":"https:\/\/dralvarez.com.mx\/larevista\/wp-json\/wp\/v2\/tags?post=70058"}],"curies":[{"name":"wp","href":"https:\/\/api.w.org\/{rel}","templated":true}]}}